{"id":1734,"date":"2023-03-16T14:19:17","date_gmt":"2023-03-16T13:19:17","guid":{"rendered":"https:\/\/bc-maasrhein.eu\/algemene-vergadering-2023-en-samenwerking-met-de-fontys-hogeschool\/"},"modified":"2023-03-16T14:19:17","modified_gmt":"2023-03-16T13:19:17","slug":"algemene-vergadering-2023-en-samenwerking-met-de-fontys-hogeschool","status":"publish","type":"post","link":"https:\/\/bc-maasrhein.eu\/de\/algemene-vergadering-2023-en-samenwerking-met-de-fontys-hogeschool\/","title":{"rendered":"Generalversammlung 2023 und Zusammenarbeit mit der Fontys Hochschule"},"content":{"rendered":"<p>Op 9 maart 2023 hielden we onze jaarlijkse algemene ledenvergadering. Tijdens het evenement hebben zich de twee nieuwe leden, Supply Chain Valley en Baumbach Stahlservice, voorgesteld. Daarnaast werd afscheid genomen van ons langjarige bestuurslid Friedel Eicher. Friedel heeft zich 25 jaar onvermoeibaar voor de BCMR ingezet, waarvoor we ontzettend dankbaar zijn. Bovendien zijn we blij dat we Dirk Letter van Togrund GmbH en Armin M\u00f6ller van de Wirtschaftsf\u00f6rderungsgesellschaft f\u00fcr den Kreis Viersen hebben kunnen winnen voor het werk in het bestuur. Meer informatie over de algemene vergadering vindt u bijgaand in de notulen van de algemene vergadering.<\/p>\n<p><b>Gezamenlijk event met het Centrum voor Ondernemerschap <\/b><br \/>\nAansluitend aan de algemene vergadering organiseerden we samen met het Centrum voor Ondernemerschap het evenement \u201cOndernemerschap: Junior meets Senior\u201d. Business Club Maas Rhein werkt sinds een jaar samen met het Centrum voor Ondernemerschap van de Fontys Hogeschool. Na een succesvolle pilot event in 2022 opende de Business Club Maas Rhein haar events voor de student-ondernemers van de Fontys Hogeschool . Het Centrum voor Ondernemerschap begeleidt studenten die al tijdens hun studie een eigen bedrijf zijn gestart. Het doel van de samenwerking is om jonge ondernemers in een vroeg stadium samen te brengen met potenti\u00eble partners aan beide zijden van de Duits-Nederlandse grens. Op 9 maart hebben we met succes meer dan 40 jonge en ervaren entrepreneurs met elkaar in contact kunnen brengen.<\/p>\n<p><a href=\"https:\/\/bc-maasrhein.eu\/wp-content\/uploads\/2023\/03\/Protokoll-Mitgliederversammlung-2023.pdf\">Protokoll Mitgliederversammlung 2023<\/a><\/p>","protected":false},"excerpt":{"rendered":"<p>Op 9 maart 2023 hielden we onze jaarlijkse algemene ledenvergadering. Tijdens het evenement hebben zich de twee nieuwe leden, Supply Chain Valley en Baumbach Stahlservice, voorgesteld. Daarnaast werd afscheid genomen van ons langjarige bestuurslid Friedel Eicher. Friedel heeft zich 25 jaar onvermoeibaar voor de BCMR ingezet, waarvoor we ontzettend dankbaar zijn. Bovendien zijn we blij [&hellip;]<\/p>\n","protected":false},"author":1,"featured_media":0,"comment_status":"open","ping_status":"open","sticky":false,"template":"","format":"standard","meta":{"_acf_changed":false,"footnotes":""},"categories":[],"tags":[],"class_list":["post-1734","post","type-post","status-publish","format-standard","hentry"],"acf":[],"yoast_head":"<!-- This site is optimized with the Yoast SEO plugin v27.2 - https:\/\/yoast.com\/product\/yoast-seo-wordpress\/ -->\n<title>Algemene Vergadering 2023 en samenwerking met de Fontys Hogeschool - BC Maas Rhein<\/title>\n<meta name=\"robots\" content=\"index, follow, max-snippet:-1, max-image-preview:large, max-video-preview:-1\" \/>\n<link rel=\"canonical\" href=\"https:\/\/bc-maasrhein.eu\/de\/algemene-vergadering-2023-en-samenwerking-met-de-fontys-hogeschool\/\" \/>\n<meta property=\"og:locale\" content=\"de_DE\" \/>\n<meta property=\"og:type\" content=\"article\" \/>\n<meta property=\"og:title\" content=\"Algemene Vergadering 2023 en samenwerking met de Fontys Hogeschool - BC Maas Rhein\" \/>\n<meta property=\"og:description\" content=\"Op 9 maart 2023 hielden we onze jaarlijkse algemene ledenvergadering. Tijdens het evenement hebben zich de twee nieuwe leden, Supply Chain Valley en Baumbach Stahlservice, voorgesteld. Daarnaast werd afscheid genomen van ons langjarige bestuurslid Friedel Eicher. Friedel heeft zich 25 jaar onvermoeibaar voor de BCMR ingezet, waarvoor we ontzettend dankbaar zijn. Bovendien zijn we blij [&hellip;]\" \/>\n<meta property=\"og:url\" content=\"https:\/\/bc-maasrhein.eu\/de\/algemene-vergadering-2023-en-samenwerking-met-de-fontys-hogeschool\/\" \/>\n<meta property=\"og:site_name\" content=\"BC Maas Rhein\" \/>\n<meta property=\"article:published_time\" content=\"2023-03-16T13:19:17+00:00\" \/>\n<meta name=\"author\" content=\"admin\" \/>\n<meta name=\"twitter:card\" content=\"summary_large_image\" \/>\n<meta name=\"twitter:label1\" content=\"Verfasst von\" \/>\n\t<meta name=\"twitter:data1\" content=\"admin\" \/>\n\t<meta name=\"twitter:label2\" content=\"Gesch\u00e4tzte Lesezeit\" \/>\n\t<meta name=\"twitter:data2\" content=\"1\u00a0Minute\" \/>\n<script type=\"application\/ld+json\" class=\"yoast-schema-graph\">{\"@context\":\"https:\/\/schema.org\",\"@graph\":[{\"@type\":\"Article\",\"@id\":\"https:\/\/bc-maasrhein.eu\/algemene-vergadering-2023-en-samenwerking-met-de-fontys-hogeschool\/#article\",\"isPartOf\":{\"@id\":\"https:\/\/bc-maasrhein.eu\/algemene-vergadering-2023-en-samenwerking-met-de-fontys-hogeschool\/\"},\"author\":{\"name\":\"admin\",\"@id\":\"https:\/\/bc-maasrhein.eu\/#\/schema\/person\/6a8fc887c83b223dd0962d0770aaab7d\"},\"headline\":\"Algemene Vergadering 2023 en samenwerking met de Fontys Hogeschool\",\"datePublished\":\"2023-03-16T13:19:17+00:00\",\"mainEntityOfPage\":{\"@id\":\"https:\/\/bc-maasrhein.eu\/algemene-vergadering-2023-en-samenwerking-met-de-fontys-hogeschool\/\"},\"wordCount\":233,\"commentCount\":0,\"inLanguage\":\"de\",\"potentialAction\":[{\"@type\":\"CommentAction\",\"name\":\"Comment\",\"target\":[\"https:\/\/bc-maasrhein.eu\/algemene-vergadering-2023-en-samenwerking-met-de-fontys-hogeschool\/#respond\"]}]},{\"@type\":\"WebPage\",\"@id\":\"https:\/\/bc-maasrhein.eu\/algemene-vergadering-2023-en-samenwerking-met-de-fontys-hogeschool\/\",\"url\":\"https:\/\/bc-maasrhein.eu\/algemene-vergadering-2023-en-samenwerking-met-de-fontys-hogeschool\/\",\"name\":\"Algemene Vergadering 2023 en samenwerking met de Fontys Hogeschool - BC Maas Rhein\",\"isPartOf\":{\"@id\":\"https:\/\/bc-maasrhein.eu\/#website\"},\"datePublished\":\"2023-03-16T13:19:17+00:00\",\"author\":{\"@id\":\"https:\/\/bc-maasrhein.eu\/#\/schema\/person\/6a8fc887c83b223dd0962d0770aaab7d\"},\"breadcrumb\":{\"@id\":\"https:\/\/bc-maasrhein.eu\/algemene-vergadering-2023-en-samenwerking-met-de-fontys-hogeschool\/#breadcrumb\"},\"inLanguage\":\"de\",\"potentialAction\":[{\"@type\":\"ReadAction\",\"target\":[\"https:\/\/bc-maasrhein.eu\/algemene-vergadering-2023-en-samenwerking-met-de-fontys-hogeschool\/\"]}]},{\"@type\":\"BreadcrumbList\",\"@id\":\"https:\/\/bc-maasrhein.eu\/algemene-vergadering-2023-en-samenwerking-met-de-fontys-hogeschool\/#breadcrumb\",\"itemListElement\":[{\"@type\":\"ListItem\",\"position\":1,\"name\":\"Home\",\"item\":\"https:\/\/bc-maasrhein.eu\/\"},{\"@type\":\"ListItem\",\"position\":2,\"name\":\"Algemene Vergadering 2023 en samenwerking met de Fontys Hogeschool\"}]},{\"@type\":\"WebSite\",\"@id\":\"https:\/\/bc-maasrhein.eu\/#website\",\"url\":\"https:\/\/bc-maasrhein.eu\/\",\"name\":\"BC Maas Rhein\",\"description\":\"\",\"potentialAction\":[{\"@type\":\"SearchAction\",\"target\":{\"@type\":\"EntryPoint\",\"urlTemplate\":\"https:\/\/bc-maasrhein.eu\/?s={search_term_string}\"},\"query-input\":{\"@type\":\"PropertyValueSpecification\",\"valueRequired\":true,\"valueName\":\"search_term_string\"}}],\"inLanguage\":\"de\"},{\"@type\":\"Person\",\"@id\":\"https:\/\/bc-maasrhein.eu\/#\/schema\/person\/6a8fc887c83b223dd0962d0770aaab7d\",\"name\":\"admin\",\"image\":{\"@type\":\"ImageObject\",\"inLanguage\":\"de\",\"@id\":\"https:\/\/secure.gravatar.com\/avatar\/3962a4a5701a3e18de2112317267cd8b06060bcc71fcd773e6d50256f459a8a5?s=96&d=mm&r=g\",\"url\":\"https:\/\/secure.gravatar.com\/avatar\/3962a4a5701a3e18de2112317267cd8b06060bcc71fcd773e6d50256f459a8a5?s=96&d=mm&r=g\",\"contentUrl\":\"https:\/\/secure.gravatar.com\/avatar\/3962a4a5701a3e18de2112317267cd8b06060bcc71fcd773e6d50256f459a8a5?s=96&d=mm&r=g\",\"caption\":\"admin\"},\"sameAs\":[\"https:\/\/bc-maasrhein.eu\"],\"url\":\"https:\/\/bc-maasrhein.eu\/de\/author\/admin\/\"}]}<\/script>\n<!-- \/ Yoast SEO plugin. -->","yoast_head_json":{"title":"Algemene Vergadering 2023 en samenwerking met de Fontys Hogeschool - BC Maas Rhein","robots":{"index":"index","follow":"follow","max-snippet":"max-snippet:-1","max-image-preview":"max-image-preview:large","max-video-preview":"max-video-preview:-1"},"canonical":"https:\/\/bc-maasrhein.eu\/de\/algemene-vergadering-2023-en-samenwerking-met-de-fontys-hogeschool\/","og_locale":"de_DE","og_type":"article","og_title":"Algemene Vergadering 2023 en samenwerking met de Fontys Hogeschool - BC Maas Rhein","og_description":"Op 9 maart 2023 hielden we onze jaarlijkse algemene ledenvergadering. Tijdens het evenement hebben zich de twee nieuwe leden, Supply Chain Valley en Baumbach Stahlservice, voorgesteld. Daarnaast werd afscheid genomen van ons langjarige bestuurslid Friedel Eicher. Friedel heeft zich 25 jaar onvermoeibaar voor de BCMR ingezet, waarvoor we ontzettend dankbaar zijn. Bovendien zijn we blij [&hellip;]","og_url":"https:\/\/bc-maasrhein.eu\/de\/algemene-vergadering-2023-en-samenwerking-met-de-fontys-hogeschool\/","og_site_name":"BC Maas Rhein","article_published_time":"2023-03-16T13:19:17+00:00","author":"admin","twitter_card":"summary_large_image","twitter_misc":{"Verfasst von":"admin","Gesch\u00e4tzte Lesezeit":"1\u00a0Minute"},"schema":{"@context":"https:\/\/schema.org","@graph":[{"@type":"Article","@id":"https:\/\/bc-maasrhein.eu\/algemene-vergadering-2023-en-samenwerking-met-de-fontys-hogeschool\/#article","isPartOf":{"@id":"https:\/\/bc-maasrhein.eu\/algemene-vergadering-2023-en-samenwerking-met-de-fontys-hogeschool\/"},"author":{"name":"admin","@id":"https:\/\/bc-maasrhein.eu\/#\/schema\/person\/6a8fc887c83b223dd0962d0770aaab7d"},"headline":"Algemene Vergadering 2023 en samenwerking met de Fontys Hogeschool","datePublished":"2023-03-16T13:19:17+00:00","mainEntityOfPage":{"@id":"https:\/\/bc-maasrhein.eu\/algemene-vergadering-2023-en-samenwerking-met-de-fontys-hogeschool\/"},"wordCount":233,"commentCount":0,"inLanguage":"de","potentialAction":[{"@type":"CommentAction","name":"Comment","target":["https:\/\/bc-maasrhein.eu\/algemene-vergadering-2023-en-samenwerking-met-de-fontys-hogeschool\/#respond"]}]},{"@type":"WebPage","@id":"https:\/\/bc-maasrhein.eu\/algemene-vergadering-2023-en-samenwerking-met-de-fontys-hogeschool\/","url":"https:\/\/bc-maasrhein.eu\/algemene-vergadering-2023-en-samenwerking-met-de-fontys-hogeschool\/","name":"Algemene Vergadering 2023 en samenwerking met de Fontys Hogeschool - BC Maas Rhein","isPartOf":{"@id":"https:\/\/bc-maasrhein.eu\/#website"},"datePublished":"2023-03-16T13:19:17+00:00","author":{"@id":"https:\/\/bc-maasrhein.eu\/#\/schema\/person\/6a8fc887c83b223dd0962d0770aaab7d"},"breadcrumb":{"@id":"https:\/\/bc-maasrhein.eu\/algemene-vergadering-2023-en-samenwerking-met-de-fontys-hogeschool\/#breadcrumb"},"inLanguage":"de","potentialAction":[{"@type":"ReadAction","target":["https:\/\/bc-maasrhein.eu\/algemene-vergadering-2023-en-samenwerking-met-de-fontys-hogeschool\/"]}]},{"@type":"BreadcrumbList","@id":"https:\/\/bc-maasrhein.eu\/algemene-vergadering-2023-en-samenwerking-met-de-fontys-hogeschool\/#breadcrumb","itemListElement":[{"@type":"ListItem","position":1,"name":"Home","item":"https:\/\/bc-maasrhein.eu\/"},{"@type":"ListItem","position":2,"name":"Algemene Vergadering 2023 en samenwerking met de Fontys Hogeschool"}]},{"@type":"WebSite","@id":"https:\/\/bc-maasrhein.eu\/#website","url":"https:\/\/bc-maasrhein.eu\/","name":"BC Maas Rhein","description":"","potentialAction":[{"@type":"SearchAction","target":{"@type":"EntryPoint","urlTemplate":"https:\/\/bc-maasrhein.eu\/?s={search_term_string}"},"query-input":{"@type":"PropertyValueSpecification","valueRequired":true,"valueName":"search_term_string"}}],"inLanguage":"de"},{"@type":"Person","@id":"https:\/\/bc-maasrhein.eu\/#\/schema\/person\/6a8fc887c83b223dd0962d0770aaab7d","name":"Administrator","image":{"@type":"ImageObject","inLanguage":"de","@id":"https:\/\/secure.gravatar.com\/avatar\/3962a4a5701a3e18de2112317267cd8b06060bcc71fcd773e6d50256f459a8a5?s=96&d=mm&r=g","url":"https:\/\/secure.gravatar.com\/avatar\/3962a4a5701a3e18de2112317267cd8b06060bcc71fcd773e6d50256f459a8a5?s=96&d=mm&r=g","contentUrl":"https:\/\/secure.gravatar.com\/avatar\/3962a4a5701a3e18de2112317267cd8b06060bcc71fcd773e6d50256f459a8a5?s=96&d=mm&r=g","caption":"admin"},"sameAs":["https:\/\/bc-maasrhein.eu"],"url":"https:\/\/bc-maasrhein.eu\/de\/author\/admin\/"}]}},"_links":{"self":[{"href":"https:\/\/bc-maasrhein.eu\/de\/wp-json\/wp\/v2\/posts\/1734","targetHints":{"allow":["GET"]}}],"collection":[{"href":"https:\/\/bc-maasrhein.eu\/de\/wp-json\/wp\/v2\/posts"}],"about":[{"href":"https:\/\/bc-maasrhein.eu\/de\/wp-json\/wp\/v2\/types\/post"}],"author":[{"embeddable":true,"href":"https:\/\/bc-maasrhein.eu\/de\/wp-json\/wp\/v2\/users\/1"}],"replies":[{"embeddable":true,"href":"https:\/\/bc-maasrhein.eu\/de\/wp-json\/wp\/v2\/comments?post=1734"}],"version-history":[{"count":0,"href":"https:\/\/bc-maasrhein.eu\/de\/wp-json\/wp\/v2\/posts\/1734\/revisions"}],"wp:attachment":[{"href":"https:\/\/bc-maasrhein.eu\/de\/wp-json\/wp\/v2\/media?parent=1734"}],"wp:term":[{"taxonomy":"category","embeddable":true,"href":"https:\/\/bc-maasrhein.eu\/de\/wp-json\/wp\/v2\/categories?post=1734"},{"taxonomy":"post_tag","embeddable":true,"href":"https:\/\/bc-maasrhein.eu\/de\/wp-json\/wp\/v2\/tags?post=1734"}],"curies":[{"name":"Welt","href":"https:\/\/api.w.org\/{rel}","templated":true}]}}