{"id":1729,"date":"2022-09-23T12:45:29","date_gmt":"2022-09-23T10:45:29","guid":{"rendered":"https:\/\/bc-maasrhein.eu\/25-jaar-business-club-maas-rhein\/"},"modified":"2026-03-24T14:33:41","modified_gmt":"2026-03-24T13:33:41","slug":"25-jaar-business-club-maas-rhein","status":"publish","type":"post","link":"https:\/\/bc-maasrhein.eu\/de\/25-jaar-business-club-maas-rhein\/","title":{"rendered":"25 Jahre Business Club Maas Rhein"},"content":{"rendered":"<p>Am Donnerstag, den 15. September, war Party angesagt! Gemeinsam mit unseren Mitgliedern und G\u00e4sten haben wir das 25-j\u00e4hrige Bestehen unseres Business Clubs Maas Rhein mit einem Festprogramm gefeiert. Ein Club, der nach 25 Jahren immer noch quicklebendig ist und gleichzeitig f\u00fcr die deutsch-niederl\u00e4ndische Zusammenarbeit notwendig bleibt.<\/p>\n<p>Nach den Gl\u00fcckw\u00fcnschen an den BCMR von Jacques Smeets im Namen der Stadt Venlo und Peter Schuurman im Namen des Generalkonsulats des K\u00f6nigreichs der Niederlande in D\u00fcsseldorf k\u00fcndigte unser Vorsitzender Vincent Pijnenburg eine neue Zusammenarbeit mit dem Zentrum f\u00fcr Unternehmertum der Fontys University of Applied Sciences an. Eine Kooperation, die dazu f\u00fchren soll, dass junge Unternehmer fr\u00fchzeitig mit der Euroregion verbunden werden. Erfreulicherweise waren sieben studentische Unternehmer anwesend, die diese Chance sofort ergriffen haben.<br \/>\n<img fetchpriority=\"high\" decoding=\"async\" class=\"alignnone wp-image-9164\" src=\"https:\/\/bc-maasrhein.eu\/wp-content\/uploads\/2022\/09\/Bedankt_25-jaar-300x211.png\" alt=\"\" width=\"644\" height=\"453\" \/><br \/>\nNach der Er\u00f6ffnung f\u00fchrten uns der Direktor Paulo Martina und seine Kollegen durch das Museum van Bommel van Dam. Noch vor der offiziellen Er\u00f6ffnung der Ausstellung bekamen wir das Werk des niederl\u00e4ndischen Surrealisten Melle zu sehen.<\/p>\n<p>Anschlie\u00dfend sind wir zum Hafenkai in Venlo spaziert, um an Bord des Ausflugsboots zu gehen. Bei einer gem\u00fctlichen Kreuzfahrt mit Rederij Cascade auf der Maas samt Dinner und einigen Drinks, haben wir mit den Mitgliedern und den ehemaligen Vorsitzenden Wiel Aerts und Lei Heldens auf unsere reiche Vergangenheit zur\u00fcck geblickt. Abschlie\u00dfend verabschiedeten wir unsere ehemaligen Vorstandsmitglieder Britta Herbort und Olaf M\u00f6hring mit der Verleihung der Ehrenmitgliedschaft und stellten unseren Mitgliedern unser neues Vorstandsmitglied Armin M\u00f6ller vor.<\/p>\n<p>Herzlichen Dank an den Nordiren Kian J. Johnston, Student-Unternehmer der Fontys Venlo, f\u00fcr seine grandiosen Dudelsack-Intermezzos und Erick van Rijswick f\u00fcr die wunderbaren Fotos.<\/p>\n<p>Wir haben unseren 25. Geburtstag sehr genossen und freuen uns auch in Zukunft auf inspirierende, grenz\u00fcberschreitende Begegnungen.<\/p>","protected":false},"excerpt":{"rendered":"<p>Donderdag 15 september was het feest! We hebben samen met onze leden en gasten het 25-jarig jubileum van onze Business Club Maas Rhein met een feestelijk programma gevierd. Een club die na 25 jaar nog altijd springlevend is en tegelijkertijd nodig blijft ten behoeve van de Duits-Nederlandse samenwerking. Na felicitaties aan de BCMR van\u00a0Jacques Smeets [&hellip;]<\/p>\n","protected":false},"author":1,"featured_media":0,"comment_status":"open","ping_status":"open","sticky":false,"template":"","format":"standard","meta":{"_acf_changed":false,"footnotes":""},"categories":[1],"tags":[],"class_list":["post-1729","post","type-post","status-publish","format-standard","hentry","category-uncategorized"],"acf":[],"yoast_head":"<!-- This site is optimized with the Yoast SEO plugin v27.2 - https:\/\/yoast.com\/product\/yoast-seo-wordpress\/ -->\n<title>25 jaar Business Club Maas Rhein - BC Maas Rhein<\/title>\n<meta name=\"robots\" content=\"index, follow, max-snippet:-1, max-image-preview:large, max-video-preview:-1\" \/>\n<link rel=\"canonical\" href=\"https:\/\/bc-maasrhein.eu\/de\/25-jaar-business-club-maas-rhein\/\" \/>\n<meta property=\"og:locale\" content=\"de_DE\" \/>\n<meta property=\"og:type\" content=\"article\" \/>\n<meta property=\"og:title\" content=\"25 jaar Business Club Maas Rhein - BC Maas Rhein\" \/>\n<meta property=\"og:description\" content=\"Donderdag 15 september was het feest! We hebben samen met onze leden en gasten het 25-jarig jubileum van onze Business Club Maas Rhein met een feestelijk programma gevierd. Een club die na 25 jaar nog altijd springlevend is en tegelijkertijd nodig blijft ten behoeve van de Duits-Nederlandse samenwerking. Na felicitaties aan de BCMR van\u00a0Jacques Smeets [&hellip;]\" \/>\n<meta property=\"og:url\" content=\"https:\/\/bc-maasrhein.eu\/de\/25-jaar-business-club-maas-rhein\/\" \/>\n<meta property=\"og:site_name\" content=\"BC Maas Rhein\" \/>\n<meta property=\"article:published_time\" content=\"2022-09-23T10:45:29+00:00\" \/>\n<meta property=\"article:modified_time\" content=\"2026-03-24T13:33:41+00:00\" \/>\n<meta name=\"author\" content=\"admin\" \/>\n<meta name=\"twitter:card\" content=\"summary_large_image\" \/>\n<meta name=\"twitter:label1\" content=\"Verfasst von\" \/>\n\t<meta name=\"twitter:data1\" content=\"admin\" \/>\n\t<meta name=\"twitter:label2\" content=\"Gesch\u00e4tzte Lesezeit\" \/>\n\t<meta name=\"twitter:data2\" content=\"1\u00a0Minute\" \/>\n<script type=\"application\/ld+json\" class=\"yoast-schema-graph\">{\"@context\":\"https:\/\/schema.org\",\"@graph\":[{\"@type\":\"Article\",\"@id\":\"https:\/\/bc-maasrhein.eu\/25-jaar-business-club-maas-rhein\/#article\",\"isPartOf\":{\"@id\":\"https:\/\/bc-maasrhein.eu\/25-jaar-business-club-maas-rhein\/\"},\"author\":{\"name\":\"admin\",\"@id\":\"https:\/\/bc-maasrhein.eu\/#\/schema\/person\/6a8fc887c83b223dd0962d0770aaab7d\"},\"headline\":\"25 jaar Business Club Maas Rhein\",\"datePublished\":\"2022-09-23T10:45:29+00:00\",\"dateModified\":\"2026-03-24T13:33:41+00:00\",\"mainEntityOfPage\":{\"@id\":\"https:\/\/bc-maasrhein.eu\/25-jaar-business-club-maas-rhein\/\"},\"wordCount\":290,\"commentCount\":0,\"image\":{\"@id\":\"https:\/\/bc-maasrhein.eu\/25-jaar-business-club-maas-rhein\/#primaryimage\"},\"thumbnailUrl\":\"https:\/\/bc-maasrhein.eu\/wp-content\/uploads\/2022\/09\/Bedankt_25-jaar-300x211.png\",\"articleSection\":[\"Uncategorized\"],\"inLanguage\":\"de\",\"potentialAction\":[{\"@type\":\"CommentAction\",\"name\":\"Comment\",\"target\":[\"https:\/\/bc-maasrhein.eu\/25-jaar-business-club-maas-rhein\/#respond\"]}]},{\"@type\":\"WebPage\",\"@id\":\"https:\/\/bc-maasrhein.eu\/25-jaar-business-club-maas-rhein\/\",\"url\":\"https:\/\/bc-maasrhein.eu\/25-jaar-business-club-maas-rhein\/\",\"name\":\"25 jaar Business Club Maas Rhein - BC Maas Rhein\",\"isPartOf\":{\"@id\":\"https:\/\/bc-maasrhein.eu\/#website\"},\"primaryImageOfPage\":{\"@id\":\"https:\/\/bc-maasrhein.eu\/25-jaar-business-club-maas-rhein\/#primaryimage\"},\"image\":{\"@id\":\"https:\/\/bc-maasrhein.eu\/25-jaar-business-club-maas-rhein\/#primaryimage\"},\"thumbnailUrl\":\"https:\/\/bc-maasrhein.eu\/wp-content\/uploads\/2022\/09\/Bedankt_25-jaar-300x211.png\",\"datePublished\":\"2022-09-23T10:45:29+00:00\",\"dateModified\":\"2026-03-24T13:33:41+00:00\",\"author\":{\"@id\":\"https:\/\/bc-maasrhein.eu\/#\/schema\/person\/6a8fc887c83b223dd0962d0770aaab7d\"},\"breadcrumb\":{\"@id\":\"https:\/\/bc-maasrhein.eu\/25-jaar-business-club-maas-rhein\/#breadcrumb\"},\"inLanguage\":\"de\",\"potentialAction\":[{\"@type\":\"ReadAction\",\"target\":[\"https:\/\/bc-maasrhein.eu\/25-jaar-business-club-maas-rhein\/\"]}]},{\"@type\":\"ImageObject\",\"inLanguage\":\"de\",\"@id\":\"https:\/\/bc-maasrhein.eu\/25-jaar-business-club-maas-rhein\/#primaryimage\",\"url\":\"https:\/\/bc-maasrhein.eu\/wp-content\/uploads\/2022\/09\/Bedankt_25-jaar-300x211.png\",\"contentUrl\":\"https:\/\/bc-maasrhein.eu\/wp-content\/uploads\/2022\/09\/Bedankt_25-jaar-300x211.png\"},{\"@type\":\"BreadcrumbList\",\"@id\":\"https:\/\/bc-maasrhein.eu\/25-jaar-business-club-maas-rhein\/#breadcrumb\",\"itemListElement\":[{\"@type\":\"ListItem\",\"position\":1,\"name\":\"Home\",\"item\":\"https:\/\/bc-maasrhein.eu\/\"},{\"@type\":\"ListItem\",\"position\":2,\"name\":\"25 jaar Business Club Maas Rhein\"}]},{\"@type\":\"WebSite\",\"@id\":\"https:\/\/bc-maasrhein.eu\/#website\",\"url\":\"https:\/\/bc-maasrhein.eu\/\",\"name\":\"BC Maas Rhein\",\"description\":\"\",\"potentialAction\":[{\"@type\":\"SearchAction\",\"target\":{\"@type\":\"EntryPoint\",\"urlTemplate\":\"https:\/\/bc-maasrhein.eu\/?s={search_term_string}\"},\"query-input\":{\"@type\":\"PropertyValueSpecification\",\"valueRequired\":true,\"valueName\":\"search_term_string\"}}],\"inLanguage\":\"de\"},{\"@type\":\"Person\",\"@id\":\"https:\/\/bc-maasrhein.eu\/#\/schema\/person\/6a8fc887c83b223dd0962d0770aaab7d\",\"name\":\"admin\",\"image\":{\"@type\":\"ImageObject\",\"inLanguage\":\"de\",\"@id\":\"https:\/\/secure.gravatar.com\/avatar\/3962a4a5701a3e18de2112317267cd8b06060bcc71fcd773e6d50256f459a8a5?s=96&d=mm&r=g\",\"url\":\"https:\/\/secure.gravatar.com\/avatar\/3962a4a5701a3e18de2112317267cd8b06060bcc71fcd773e6d50256f459a8a5?s=96&d=mm&r=g\",\"contentUrl\":\"https:\/\/secure.gravatar.com\/avatar\/3962a4a5701a3e18de2112317267cd8b06060bcc71fcd773e6d50256f459a8a5?s=96&d=mm&r=g\",\"caption\":\"admin\"},\"sameAs\":[\"https:\/\/bc-maasrhein.eu\"],\"url\":\"https:\/\/bc-maasrhein.eu\/de\/author\/admin\/\"}]}<\/script>\n<!-- \/ Yoast SEO plugin. -->","yoast_head_json":{"title":"25 jaar Business Club Maas Rhein - BC Maas Rhein","robots":{"index":"index","follow":"follow","max-snippet":"max-snippet:-1","max-image-preview":"max-image-preview:large","max-video-preview":"max-video-preview:-1"},"canonical":"https:\/\/bc-maasrhein.eu\/de\/25-jaar-business-club-maas-rhein\/","og_locale":"de_DE","og_type":"article","og_title":"25 jaar Business Club Maas Rhein - BC Maas Rhein","og_description":"Donderdag 15 september was het feest! We hebben samen met onze leden en gasten het 25-jarig jubileum van onze Business Club Maas Rhein met een feestelijk programma gevierd. Een club die na 25 jaar nog altijd springlevend is en tegelijkertijd nodig blijft ten behoeve van de Duits-Nederlandse samenwerking. Na felicitaties aan de BCMR van\u00a0Jacques Smeets [&hellip;]","og_url":"https:\/\/bc-maasrhein.eu\/de\/25-jaar-business-club-maas-rhein\/","og_site_name":"BC Maas Rhein","article_published_time":"2022-09-23T10:45:29+00:00","article_modified_time":"2026-03-24T13:33:41+00:00","author":"admin","twitter_card":"summary_large_image","twitter_misc":{"Verfasst von":"admin","Gesch\u00e4tzte Lesezeit":"1\u00a0Minute"},"schema":{"@context":"https:\/\/schema.org","@graph":[{"@type":"Article","@id":"https:\/\/bc-maasrhein.eu\/25-jaar-business-club-maas-rhein\/#article","isPartOf":{"@id":"https:\/\/bc-maasrhein.eu\/25-jaar-business-club-maas-rhein\/"},"author":{"name":"admin","@id":"https:\/\/bc-maasrhein.eu\/#\/schema\/person\/6a8fc887c83b223dd0962d0770aaab7d"},"headline":"25 jaar Business Club Maas Rhein","datePublished":"2022-09-23T10:45:29+00:00","dateModified":"2026-03-24T13:33:41+00:00","mainEntityOfPage":{"@id":"https:\/\/bc-maasrhein.eu\/25-jaar-business-club-maas-rhein\/"},"wordCount":290,"commentCount":0,"image":{"@id":"https:\/\/bc-maasrhein.eu\/25-jaar-business-club-maas-rhein\/#primaryimage"},"thumbnailUrl":"https:\/\/bc-maasrhein.eu\/wp-content\/uploads\/2022\/09\/Bedankt_25-jaar-300x211.png","articleSection":["Uncategorized"],"inLanguage":"de","potentialAction":[{"@type":"CommentAction","name":"Comment","target":["https:\/\/bc-maasrhein.eu\/25-jaar-business-club-maas-rhein\/#respond"]}]},{"@type":"WebPage","@id":"https:\/\/bc-maasrhein.eu\/25-jaar-business-club-maas-rhein\/","url":"https:\/\/bc-maasrhein.eu\/25-jaar-business-club-maas-rhein\/","name":"25 jaar Business Club Maas Rhein - BC Maas Rhein","isPartOf":{"@id":"https:\/\/bc-maasrhein.eu\/#website"},"primaryImageOfPage":{"@id":"https:\/\/bc-maasrhein.eu\/25-jaar-business-club-maas-rhein\/#primaryimage"},"image":{"@id":"https:\/\/bc-maasrhein.eu\/25-jaar-business-club-maas-rhein\/#primaryimage"},"thumbnailUrl":"https:\/\/bc-maasrhein.eu\/wp-content\/uploads\/2022\/09\/Bedankt_25-jaar-300x211.png","datePublished":"2022-09-23T10:45:29+00:00","dateModified":"2026-03-24T13:33:41+00:00","author":{"@id":"https:\/\/bc-maasrhein.eu\/#\/schema\/person\/6a8fc887c83b223dd0962d0770aaab7d"},"breadcrumb":{"@id":"https:\/\/bc-maasrhein.eu\/25-jaar-business-club-maas-rhein\/#breadcrumb"},"inLanguage":"de","potentialAction":[{"@type":"ReadAction","target":["https:\/\/bc-maasrhein.eu\/25-jaar-business-club-maas-rhein\/"]}]},{"@type":"ImageObject","inLanguage":"de","@id":"https:\/\/bc-maasrhein.eu\/25-jaar-business-club-maas-rhein\/#primaryimage","url":"https:\/\/bc-maasrhein.eu\/wp-content\/uploads\/2022\/09\/Bedankt_25-jaar-300x211.png","contentUrl":"https:\/\/bc-maasrhein.eu\/wp-content\/uploads\/2022\/09\/Bedankt_25-jaar-300x211.png"},{"@type":"BreadcrumbList","@id":"https:\/\/bc-maasrhein.eu\/25-jaar-business-club-maas-rhein\/#breadcrumb","itemListElement":[{"@type":"ListItem","position":1,"name":"Home","item":"https:\/\/bc-maasrhein.eu\/"},{"@type":"ListItem","position":2,"name":"25 jaar Business Club Maas Rhein"}]},{"@type":"WebSite","@id":"https:\/\/bc-maasrhein.eu\/#website","url":"https:\/\/bc-maasrhein.eu\/","name":"BC Maas Rhein","description":"","potentialAction":[{"@type":"SearchAction","target":{"@type":"EntryPoint","urlTemplate":"https:\/\/bc-maasrhein.eu\/?s={search_term_string}"},"query-input":{"@type":"PropertyValueSpecification","valueRequired":true,"valueName":"search_term_string"}}],"inLanguage":"de"},{"@type":"Person","@id":"https:\/\/bc-maasrhein.eu\/#\/schema\/person\/6a8fc887c83b223dd0962d0770aaab7d","name":"Administrator","image":{"@type":"ImageObject","inLanguage":"de","@id":"https:\/\/secure.gravatar.com\/avatar\/3962a4a5701a3e18de2112317267cd8b06060bcc71fcd773e6d50256f459a8a5?s=96&d=mm&r=g","url":"https:\/\/secure.gravatar.com\/avatar\/3962a4a5701a3e18de2112317267cd8b06060bcc71fcd773e6d50256f459a8a5?s=96&d=mm&r=g","contentUrl":"https:\/\/secure.gravatar.com\/avatar\/3962a4a5701a3e18de2112317267cd8b06060bcc71fcd773e6d50256f459a8a5?s=96&d=mm&r=g","caption":"admin"},"sameAs":["https:\/\/bc-maasrhein.eu"],"url":"https:\/\/bc-maasrhein.eu\/de\/author\/admin\/"}]}},"_links":{"self":[{"href":"https:\/\/bc-maasrhein.eu\/de\/wp-json\/wp\/v2\/posts\/1729","targetHints":{"allow":["GET"]}}],"collection":[{"href":"https:\/\/bc-maasrhein.eu\/de\/wp-json\/wp\/v2\/posts"}],"about":[{"href":"https:\/\/bc-maasrhein.eu\/de\/wp-json\/wp\/v2\/types\/post"}],"author":[{"embeddable":true,"href":"https:\/\/bc-maasrhein.eu\/de\/wp-json\/wp\/v2\/users\/1"}],"replies":[{"embeddable":true,"href":"https:\/\/bc-maasrhein.eu\/de\/wp-json\/wp\/v2\/comments?post=1729"}],"version-history":[{"count":1,"href":"https:\/\/bc-maasrhein.eu\/de\/wp-json\/wp\/v2\/posts\/1729\/revisions"}],"predecessor-version":[{"id":1754,"href":"https:\/\/bc-maasrhein.eu\/de\/wp-json\/wp\/v2\/posts\/1729\/revisions\/1754"}],"wp:attachment":[{"href":"https:\/\/bc-maasrhein.eu\/de\/wp-json\/wp\/v2\/media?parent=1729"}],"wp:term":[{"taxonomy":"category","embeddable":true,"href":"https:\/\/bc-maasrhein.eu\/de\/wp-json\/wp\/v2\/categories?post=1729"},{"taxonomy":"post_tag","embeddable":true,"href":"https:\/\/bc-maasrhein.eu\/de\/wp-json\/wp\/v2\/tags?post=1729"}],"curies":[{"name":"Welt","href":"https:\/\/api.w.org\/{rel}","templated":true}]}}