{"id":1717,"date":"2021-11-10T12:46:25","date_gmt":"2021-11-10T11:46:25","guid":{"rendered":"https:\/\/bc-maasrhein.eu\/9-december-kerstbijeenkomst-gaat-niet-door\/"},"modified":"2021-11-10T12:46:25","modified_gmt":"2021-11-10T11:46:25","slug":"9-december-kerstbijeenkomst-gaat-niet-door","status":"publish","type":"post","link":"https:\/\/bc-maasrhein.eu\/de\/9-december-kerstbijeenkomst-gaat-niet-door\/","title":{"rendered":"9. Dezember: Weihnachtsfeier (Findet nicht statt)"},"content":{"rendered":"<p><span style=\"color: #ff0000;\"><strong>Sehr geehrte Mitglieder des Business Clubs,<\/strong><\/span><\/p>\n<p><span style=\"color: #ff0000;\"><strong>Zu unserer gro\u00dfen Betr\u00fcbnis m\u00fcssen wir unser Weihnachtsfest am 09.12.2021 in Kevelaer wegen der versch\u00e4rften Coronasituation absagen. <\/strong><\/span><span style=\"color: #ff0000;\"><strong>Die Gesundheit unserer Mitglieder und ihrer Familien zu Weihnachten ist ein kostbares Gut, das wir unter keinen Umst\u00e4nden gef\u00e4hrden wollen. Deshalb haben wir mit Bedauern diesen Schritt beschlossen.<\/strong><\/span><\/p>\n<p><span style=\"color: #ff0000;\"><strong>Pass gut auf dich auf und bleib gesund!<\/strong><\/span><\/p>\n<p><span style=\"color: #ff0000;\"><strong>Wir w\u00fcnschen Ihnen eine wundersch\u00f6ne Adventszeit und ein friedvolles und frohes Weihnachtsfest im Kreise Ihrer Familie.<\/strong><\/span><\/p>\n<p><span style=\"color: #ff0000;\"><strong>Der Vorstand des BCMR<\/strong><\/span><\/p>\n<p>&nbsp;<\/p>\n<p>Der Vorstand des Business Club Maas Rhein l\u00e4dt seine Mitglieder herzlich zur Weihnachtsfeier ein.<\/p>\n<p><strong>Wann:\u00a0<\/strong>Donnerstag, <strong>9. Dezember 2021<\/strong>, 16.00 Uhr.<br \/>\n<strong>Wo:<\/strong> Besucherzentrum Solegarten, H\u00fcls 17, D-47623 Kevelaer<\/p>\n<p>Wir bitten Sie freundlichst um sp\u00e4testens Dienstag <strong>30 November 2021<\/strong> durch die Business Club Maas Rijn App uns mitzuteilen, ob Sie bei dieser Veranstaltung anwesend sein werden.<\/p>\n<p>Wir freuen uns darauf, es am 9. Dezember 2021 mit Ihnen zu feiern!<\/p>","protected":false},"excerpt":{"rendered":"<p>Beste Business Club leden, Tot onze grote spijt moeten wij ons kerstfeest op 09.12.2021 in Kevelaer annuleren wegens de verscherpte Corona-situatie. De gezondheid van onze leden en hun gezinnen met Kerstmis is een kostbaar goed dat wij onder geen beding in gevaar willen brengen. Daarom hebben wij met pijn in het hart besloten deze stap [&hellip;]<\/p>\n","protected":false},"author":1,"featured_media":0,"comment_status":"open","ping_status":"open","sticky":false,"template":"","format":"standard","meta":{"_acf_changed":false,"footnotes":""},"categories":[],"tags":[],"class_list":["post-1717","post","type-post","status-publish","format-standard","hentry"],"acf":[],"yoast_head":"<!-- This site is optimized with the Yoast SEO plugin v27.2 - https:\/\/yoast.com\/product\/yoast-seo-wordpress\/ -->\n<title>9 december: Kerstbijeenkomst (Gaat niet door) - BC Maas Rhein<\/title>\n<meta name=\"robots\" content=\"index, follow, max-snippet:-1, max-image-preview:large, max-video-preview:-1\" \/>\n<link rel=\"canonical\" href=\"https:\/\/bc-maasrhein.eu\/de\/9-december-kerstbijeenkomst-gaat-niet-door\/\" \/>\n<meta property=\"og:locale\" content=\"de_DE\" \/>\n<meta property=\"og:type\" content=\"article\" \/>\n<meta property=\"og:title\" content=\"9 december: Kerstbijeenkomst (Gaat niet door) - BC Maas Rhein\" \/>\n<meta property=\"og:description\" content=\"Beste Business Club leden, Tot onze grote spijt moeten wij ons kerstfeest op 09.12.2021 in Kevelaer annuleren wegens de verscherpte Corona-situatie. De gezondheid van onze leden en hun gezinnen met Kerstmis is een kostbaar goed dat wij onder geen beding in gevaar willen brengen. Daarom hebben wij met pijn in het hart besloten deze stap [&hellip;]\" \/>\n<meta property=\"og:url\" content=\"https:\/\/bc-maasrhein.eu\/de\/9-december-kerstbijeenkomst-gaat-niet-door\/\" \/>\n<meta property=\"og:site_name\" content=\"BC Maas Rhein\" \/>\n<meta property=\"article:published_time\" content=\"2021-11-10T11:46:25+00:00\" \/>\n<meta name=\"author\" content=\"admin\" \/>\n<meta name=\"twitter:card\" content=\"summary_large_image\" \/>\n<meta name=\"twitter:label1\" content=\"Verfasst von\" \/>\n\t<meta name=\"twitter:data1\" content=\"admin\" \/>\n\t<meta name=\"twitter:label2\" content=\"Gesch\u00e4tzte Lesezeit\" \/>\n\t<meta name=\"twitter:data2\" content=\"1\u00a0Minute\" \/>\n<script type=\"application\/ld+json\" class=\"yoast-schema-graph\">{\"@context\":\"https:\/\/schema.org\",\"@graph\":[{\"@type\":\"Article\",\"@id\":\"https:\/\/bc-maasrhein.eu\/9-december-kerstbijeenkomst-gaat-niet-door\/#article\",\"isPartOf\":{\"@id\":\"https:\/\/bc-maasrhein.eu\/9-december-kerstbijeenkomst-gaat-niet-door\/\"},\"author\":{\"name\":\"admin\",\"@id\":\"https:\/\/bc-maasrhein.eu\/#\/schema\/person\/6a8fc887c83b223dd0962d0770aaab7d\"},\"headline\":\"9 december: Kerstbijeenkomst (Gaat niet door)\",\"datePublished\":\"2021-11-10T11:46:25+00:00\",\"mainEntityOfPage\":{\"@id\":\"https:\/\/bc-maasrhein.eu\/9-december-kerstbijeenkomst-gaat-niet-door\/\"},\"wordCount\":160,\"commentCount\":0,\"inLanguage\":\"de\",\"potentialAction\":[{\"@type\":\"CommentAction\",\"name\":\"Comment\",\"target\":[\"https:\/\/bc-maasrhein.eu\/9-december-kerstbijeenkomst-gaat-niet-door\/#respond\"]}]},{\"@type\":\"WebPage\",\"@id\":\"https:\/\/bc-maasrhein.eu\/9-december-kerstbijeenkomst-gaat-niet-door\/\",\"url\":\"https:\/\/bc-maasrhein.eu\/9-december-kerstbijeenkomst-gaat-niet-door\/\",\"name\":\"9 december: Kerstbijeenkomst (Gaat niet door) - BC Maas Rhein\",\"isPartOf\":{\"@id\":\"https:\/\/bc-maasrhein.eu\/#website\"},\"datePublished\":\"2021-11-10T11:46:25+00:00\",\"author\":{\"@id\":\"https:\/\/bc-maasrhein.eu\/#\/schema\/person\/6a8fc887c83b223dd0962d0770aaab7d\"},\"breadcrumb\":{\"@id\":\"https:\/\/bc-maasrhein.eu\/9-december-kerstbijeenkomst-gaat-niet-door\/#breadcrumb\"},\"inLanguage\":\"de\",\"potentialAction\":[{\"@type\":\"ReadAction\",\"target\":[\"https:\/\/bc-maasrhein.eu\/9-december-kerstbijeenkomst-gaat-niet-door\/\"]}]},{\"@type\":\"BreadcrumbList\",\"@id\":\"https:\/\/bc-maasrhein.eu\/9-december-kerstbijeenkomst-gaat-niet-door\/#breadcrumb\",\"itemListElement\":[{\"@type\":\"ListItem\",\"position\":1,\"name\":\"Home\",\"item\":\"https:\/\/bc-maasrhein.eu\/\"},{\"@type\":\"ListItem\",\"position\":2,\"name\":\"9 december: Kerstbijeenkomst (Gaat niet door)\"}]},{\"@type\":\"WebSite\",\"@id\":\"https:\/\/bc-maasrhein.eu\/#website\",\"url\":\"https:\/\/bc-maasrhein.eu\/\",\"name\":\"BC Maas Rhein\",\"description\":\"\",\"potentialAction\":[{\"@type\":\"SearchAction\",\"target\":{\"@type\":\"EntryPoint\",\"urlTemplate\":\"https:\/\/bc-maasrhein.eu\/?s={search_term_string}\"},\"query-input\":{\"@type\":\"PropertyValueSpecification\",\"valueRequired\":true,\"valueName\":\"search_term_string\"}}],\"inLanguage\":\"de\"},{\"@type\":\"Person\",\"@id\":\"https:\/\/bc-maasrhein.eu\/#\/schema\/person\/6a8fc887c83b223dd0962d0770aaab7d\",\"name\":\"admin\",\"image\":{\"@type\":\"ImageObject\",\"inLanguage\":\"de\",\"@id\":\"https:\/\/secure.gravatar.com\/avatar\/3962a4a5701a3e18de2112317267cd8b06060bcc71fcd773e6d50256f459a8a5?s=96&d=mm&r=g\",\"url\":\"https:\/\/secure.gravatar.com\/avatar\/3962a4a5701a3e18de2112317267cd8b06060bcc71fcd773e6d50256f459a8a5?s=96&d=mm&r=g\",\"contentUrl\":\"https:\/\/secure.gravatar.com\/avatar\/3962a4a5701a3e18de2112317267cd8b06060bcc71fcd773e6d50256f459a8a5?s=96&d=mm&r=g\",\"caption\":\"admin\"},\"sameAs\":[\"https:\/\/bc-maasrhein.eu\"],\"url\":\"https:\/\/bc-maasrhein.eu\/de\/author\/admin\/\"}]}<\/script>\n<!-- \/ Yoast SEO plugin. -->","yoast_head_json":{"title":"9 december: Kerstbijeenkomst (Gaat niet door) - BC Maas Rhein","robots":{"index":"index","follow":"follow","max-snippet":"max-snippet:-1","max-image-preview":"max-image-preview:large","max-video-preview":"max-video-preview:-1"},"canonical":"https:\/\/bc-maasrhein.eu\/de\/9-december-kerstbijeenkomst-gaat-niet-door\/","og_locale":"de_DE","og_type":"article","og_title":"9 december: Kerstbijeenkomst (Gaat niet door) - BC Maas Rhein","og_description":"Beste Business Club leden, Tot onze grote spijt moeten wij ons kerstfeest op 09.12.2021 in Kevelaer annuleren wegens de verscherpte Corona-situatie. De gezondheid van onze leden en hun gezinnen met Kerstmis is een kostbaar goed dat wij onder geen beding in gevaar willen brengen. Daarom hebben wij met pijn in het hart besloten deze stap [&hellip;]","og_url":"https:\/\/bc-maasrhein.eu\/de\/9-december-kerstbijeenkomst-gaat-niet-door\/","og_site_name":"BC Maas Rhein","article_published_time":"2021-11-10T11:46:25+00:00","author":"admin","twitter_card":"summary_large_image","twitter_misc":{"Verfasst von":"admin","Gesch\u00e4tzte Lesezeit":"1\u00a0Minute"},"schema":{"@context":"https:\/\/schema.org","@graph":[{"@type":"Article","@id":"https:\/\/bc-maasrhein.eu\/9-december-kerstbijeenkomst-gaat-niet-door\/#article","isPartOf":{"@id":"https:\/\/bc-maasrhein.eu\/9-december-kerstbijeenkomst-gaat-niet-door\/"},"author":{"name":"admin","@id":"https:\/\/bc-maasrhein.eu\/#\/schema\/person\/6a8fc887c83b223dd0962d0770aaab7d"},"headline":"9 december: Kerstbijeenkomst (Gaat niet door)","datePublished":"2021-11-10T11:46:25+00:00","mainEntityOfPage":{"@id":"https:\/\/bc-maasrhein.eu\/9-december-kerstbijeenkomst-gaat-niet-door\/"},"wordCount":160,"commentCount":0,"inLanguage":"de","potentialAction":[{"@type":"CommentAction","name":"Comment","target":["https:\/\/bc-maasrhein.eu\/9-december-kerstbijeenkomst-gaat-niet-door\/#respond"]}]},{"@type":"WebPage","@id":"https:\/\/bc-maasrhein.eu\/9-december-kerstbijeenkomst-gaat-niet-door\/","url":"https:\/\/bc-maasrhein.eu\/9-december-kerstbijeenkomst-gaat-niet-door\/","name":"9 december: Kerstbijeenkomst (Gaat niet door) - BC Maas Rhein","isPartOf":{"@id":"https:\/\/bc-maasrhein.eu\/#website"},"datePublished":"2021-11-10T11:46:25+00:00","author":{"@id":"https:\/\/bc-maasrhein.eu\/#\/schema\/person\/6a8fc887c83b223dd0962d0770aaab7d"},"breadcrumb":{"@id":"https:\/\/bc-maasrhein.eu\/9-december-kerstbijeenkomst-gaat-niet-door\/#breadcrumb"},"inLanguage":"de","potentialAction":[{"@type":"ReadAction","target":["https:\/\/bc-maasrhein.eu\/9-december-kerstbijeenkomst-gaat-niet-door\/"]}]},{"@type":"BreadcrumbList","@id":"https:\/\/bc-maasrhein.eu\/9-december-kerstbijeenkomst-gaat-niet-door\/#breadcrumb","itemListElement":[{"@type":"ListItem","position":1,"name":"Home","item":"https:\/\/bc-maasrhein.eu\/"},{"@type":"ListItem","position":2,"name":"9 december: Kerstbijeenkomst (Gaat niet door)"}]},{"@type":"WebSite","@id":"https:\/\/bc-maasrhein.eu\/#website","url":"https:\/\/bc-maasrhein.eu\/","name":"BC Maas Rhein","description":"","potentialAction":[{"@type":"SearchAction","target":{"@type":"EntryPoint","urlTemplate":"https:\/\/bc-maasrhein.eu\/?s={search_term_string}"},"query-input":{"@type":"PropertyValueSpecification","valueRequired":true,"valueName":"search_term_string"}}],"inLanguage":"de"},{"@type":"Person","@id":"https:\/\/bc-maasrhein.eu\/#\/schema\/person\/6a8fc887c83b223dd0962d0770aaab7d","name":"Administrator","image":{"@type":"ImageObject","inLanguage":"de","@id":"https:\/\/secure.gravatar.com\/avatar\/3962a4a5701a3e18de2112317267cd8b06060bcc71fcd773e6d50256f459a8a5?s=96&d=mm&r=g","url":"https:\/\/secure.gravatar.com\/avatar\/3962a4a5701a3e18de2112317267cd8b06060bcc71fcd773e6d50256f459a8a5?s=96&d=mm&r=g","contentUrl":"https:\/\/secure.gravatar.com\/avatar\/3962a4a5701a3e18de2112317267cd8b06060bcc71fcd773e6d50256f459a8a5?s=96&d=mm&r=g","caption":"admin"},"sameAs":["https:\/\/bc-maasrhein.eu"],"url":"https:\/\/bc-maasrhein.eu\/de\/author\/admin\/"}]}},"_links":{"self":[{"href":"https:\/\/bc-maasrhein.eu\/de\/wp-json\/wp\/v2\/posts\/1717","targetHints":{"allow":["GET"]}}],"collection":[{"href":"https:\/\/bc-maasrhein.eu\/de\/wp-json\/wp\/v2\/posts"}],"about":[{"href":"https:\/\/bc-maasrhein.eu\/de\/wp-json\/wp\/v2\/types\/post"}],"author":[{"embeddable":true,"href":"https:\/\/bc-maasrhein.eu\/de\/wp-json\/wp\/v2\/users\/1"}],"replies":[{"embeddable":true,"href":"https:\/\/bc-maasrhein.eu\/de\/wp-json\/wp\/v2\/comments?post=1717"}],"version-history":[{"count":0,"href":"https:\/\/bc-maasrhein.eu\/de\/wp-json\/wp\/v2\/posts\/1717\/revisions"}],"wp:attachment":[{"href":"https:\/\/bc-maasrhein.eu\/de\/wp-json\/wp\/v2\/media?parent=1717"}],"wp:term":[{"taxonomy":"category","embeddable":true,"href":"https:\/\/bc-maasrhein.eu\/de\/wp-json\/wp\/v2\/categories?post=1717"},{"taxonomy":"post_tag","embeddable":true,"href":"https:\/\/bc-maasrhein.eu\/de\/wp-json\/wp\/v2\/tags?post=1717"}],"curies":[{"name":"Welt","href":"https:\/\/api.w.org\/{rel}","templated":true}]}}