{"id":1710,"date":"2021-07-01T10:24:35","date_gmt":"2021-07-01T08:24:35","guid":{"rendered":"https:\/\/bc-maasrhein.eu\/systemec-nimmt-neues-rechenzentrum-in-meerbusch-dusseldorf-in-betrieb\/"},"modified":"2021-07-01T10:24:35","modified_gmt":"2021-07-01T08:24:35","slug":"systemec-nimmt-neues-rechenzentrum-in-meerbusch-dusseldorf-in-betrieb","status":"publish","type":"post","link":"https:\/\/bc-maasrhein.eu\/de\/systemec-nimmt-neues-rechenzentrum-in-meerbusch-dusseldorf-in-betrieb\/","title":{"rendered":"Systemec nimmt neues Rechenzentrum in Meerbusch\/D\u00fcsseldorf in Betrieb"},"content":{"rendered":"<p>It fills us with pride to be able to inform you that the hard work of our valued employees has paid off, as our new data center went \u201eonline\u201c as planned on June 16th. With the commissioning of the data center in Meerbusch\/D\u00fcsseldorf, Systemec is expanding its network with another high-performance location.<br \/>\nZu den hier verf\u00fcgbaren Kapazit\u00e4ten f\u00fcr Colocation (zum Beispiel Privates Rack, Geteiltes Rack und Private Suiten) und weiteren ma\u00dfgeschneiderten IT-Services k\u00f6nnen Systemec-Kunden \u201cvor Ort\u201d ebenfalls m\u00f6blierte B\u00fcror\u00e4ume anmieten.<br \/>\nDurch die kontinuierlich gesunkenen Inzidenzzahlen k\u00f6nnen nun auch vor Ort Termine f\u00fcr einen Rundgang durch das Rechenzentrum, sowie den Showroom vereinbart werden. Vereinbaren Sie noch heute einen Termin. Gerne per Mail an anfrage@systemec.de oder \u00fcber https:\/\/lnkd.in\/dbX2s8V<\/p>\n<p>#Systemec #IhrDatumMitEinemRechenzentrum #D\u00fcsseldorf Vennlo<\/p>\n<p><img fetchpriority=\"high\" decoding=\"async\" class=\"alignnone size-full wp-image-8810\" src=\"https:\/\/bc-maasrhein.eu\/wp-content\/uploads\/2021\/07\/QR-Code-Systemec.jpg\" alt=\"\" width=\"300\" height=\"300\" \/><\/p>\n<p>#Innovationszentrum #F\u00fcnf #KMU-Spezialist<\/p>","protected":false},"excerpt":{"rendered":"<p>Es erf\u00fcllt uns mit Stolz Ihnen mitteilen zu k\u00f6nnen, dass sich die harte Arbeit unserer gesch\u00e4tzten Mitarbeiter gelohnt hat, denn am 16. Juni ist unser neues Rechenzentrum wie geplant \u201eOnline\u201c gegangen. Durch die vollzogene Inbetriebnahme des Rechenzentrums in Meerbusch\/D\u00fcsseldorf, erweitert Systemec sein Netzwerk um einen weiteren performanten Standort. Zu den hier verf\u00fcgbaren Kapazit\u00e4ten f\u00fcr Colocation [&hellip;]<\/p>\n","protected":false},"author":1,"featured_media":0,"comment_status":"open","ping_status":"open","sticky":false,"template":"","format":"standard","meta":{"_acf_changed":false,"footnotes":""},"categories":[],"tags":[],"class_list":["post-1710","post","type-post","status-publish","format-standard","hentry"],"acf":[],"yoast_head":"<!-- This site is optimized with the Yoast SEO plugin v27.2 - https:\/\/yoast.com\/product\/yoast-seo-wordpress\/ -->\n<title>Systemec nimmt neues Rechenzentrum in Meerbusch\/D\u00fcsseldorf in Betrieb - BC Maas Rhein<\/title>\n<meta name=\"robots\" content=\"index, follow, max-snippet:-1, max-image-preview:large, max-video-preview:-1\" \/>\n<link rel=\"canonical\" href=\"https:\/\/bc-maasrhein.eu\/de\/systemec-nimmt-neues-rechenzentrum-in-meerbusch-dusseldorf-in-betrieb\/\" \/>\n<meta property=\"og:locale\" content=\"de_DE\" \/>\n<meta property=\"og:type\" content=\"article\" \/>\n<meta property=\"og:title\" content=\"Systemec nimmt neues Rechenzentrum in Meerbusch\/D\u00fcsseldorf in Betrieb - BC Maas Rhein\" \/>\n<meta property=\"og:description\" content=\"Es erf\u00fcllt uns mit Stolz Ihnen mitteilen zu k\u00f6nnen, dass sich die harte Arbeit unserer gesch\u00e4tzten Mitarbeiter gelohnt hat, denn am 16. Juni ist unser neues Rechenzentrum wie geplant \u201eOnline\u201c gegangen. Durch die vollzogene Inbetriebnahme des Rechenzentrums in Meerbusch\/D\u00fcsseldorf, erweitert Systemec sein Netzwerk um einen weiteren performanten Standort. Zu den hier verf\u00fcgbaren Kapazit\u00e4ten f\u00fcr Colocation [&hellip;]\" \/>\n<meta property=\"og:url\" content=\"https:\/\/bc-maasrhein.eu\/de\/systemec-nimmt-neues-rechenzentrum-in-meerbusch-dusseldorf-in-betrieb\/\" \/>\n<meta property=\"og:site_name\" content=\"BC Maas Rhein\" \/>\n<meta property=\"article:published_time\" content=\"2021-07-01T08:24:35+00:00\" \/>\n<meta name=\"author\" content=\"admin\" \/>\n<meta name=\"twitter:card\" content=\"summary_large_image\" \/>\n<meta name=\"twitter:label1\" content=\"Verfasst von\" \/>\n\t<meta name=\"twitter:data1\" content=\"admin\" \/>\n\t<meta name=\"twitter:label2\" content=\"Gesch\u00e4tzte Lesezeit\" \/>\n\t<meta name=\"twitter:data2\" content=\"1\u00a0Minute\" \/>\n<script type=\"application\/ld+json\" class=\"yoast-schema-graph\">{\"@context\":\"https:\/\/schema.org\",\"@graph\":[{\"@type\":\"Article\",\"@id\":\"https:\/\/bc-maasrhein.eu\/systemec-nimmt-neues-rechenzentrum-in-meerbusch-dusseldorf-in-betrieb\/#article\",\"isPartOf\":{\"@id\":\"https:\/\/bc-maasrhein.eu\/systemec-nimmt-neues-rechenzentrum-in-meerbusch-dusseldorf-in-betrieb\/\"},\"author\":{\"name\":\"admin\",\"@id\":\"https:\/\/bc-maasrhein.eu\/#\/schema\/person\/6a8fc887c83b223dd0962d0770aaab7d\"},\"headline\":\"Systemec nimmt neues Rechenzentrum in Meerbusch\/D\u00fcsseldorf in Betrieb\",\"datePublished\":\"2021-07-01T08:24:35+00:00\",\"mainEntityOfPage\":{\"@id\":\"https:\/\/bc-maasrhein.eu\/systemec-nimmt-neues-rechenzentrum-in-meerbusch-dusseldorf-in-betrieb\/\"},\"wordCount\":150,\"commentCount\":0,\"image\":{\"@id\":\"https:\/\/bc-maasrhein.eu\/systemec-nimmt-neues-rechenzentrum-in-meerbusch-dusseldorf-in-betrieb\/#primaryimage\"},\"thumbnailUrl\":\"https:\/\/bc-maasrhein.eu\/wp-content\/uploads\/2021\/07\/QR-Code-Systemec.jpg\",\"inLanguage\":\"de\",\"potentialAction\":[{\"@type\":\"CommentAction\",\"name\":\"Comment\",\"target\":[\"https:\/\/bc-maasrhein.eu\/systemec-nimmt-neues-rechenzentrum-in-meerbusch-dusseldorf-in-betrieb\/#respond\"]}]},{\"@type\":\"WebPage\",\"@id\":\"https:\/\/bc-maasrhein.eu\/systemec-nimmt-neues-rechenzentrum-in-meerbusch-dusseldorf-in-betrieb\/\",\"url\":\"https:\/\/bc-maasrhein.eu\/systemec-nimmt-neues-rechenzentrum-in-meerbusch-dusseldorf-in-betrieb\/\",\"name\":\"Systemec nimmt neues Rechenzentrum in Meerbusch\/D\u00fcsseldorf in Betrieb - BC Maas Rhein\",\"isPartOf\":{\"@id\":\"https:\/\/bc-maasrhein.eu\/#website\"},\"primaryImageOfPage\":{\"@id\":\"https:\/\/bc-maasrhein.eu\/systemec-nimmt-neues-rechenzentrum-in-meerbusch-dusseldorf-in-betrieb\/#primaryimage\"},\"image\":{\"@id\":\"https:\/\/bc-maasrhein.eu\/systemec-nimmt-neues-rechenzentrum-in-meerbusch-dusseldorf-in-betrieb\/#primaryimage\"},\"thumbnailUrl\":\"https:\/\/bc-maasrhein.eu\/wp-content\/uploads\/2021\/07\/QR-Code-Systemec.jpg\",\"datePublished\":\"2021-07-01T08:24:35+00:00\",\"author\":{\"@id\":\"https:\/\/bc-maasrhein.eu\/#\/schema\/person\/6a8fc887c83b223dd0962d0770aaab7d\"},\"breadcrumb\":{\"@id\":\"https:\/\/bc-maasrhein.eu\/systemec-nimmt-neues-rechenzentrum-in-meerbusch-dusseldorf-in-betrieb\/#breadcrumb\"},\"inLanguage\":\"de\",\"potentialAction\":[{\"@type\":\"ReadAction\",\"target\":[\"https:\/\/bc-maasrhein.eu\/systemec-nimmt-neues-rechenzentrum-in-meerbusch-dusseldorf-in-betrieb\/\"]}]},{\"@type\":\"ImageObject\",\"inLanguage\":\"de\",\"@id\":\"https:\/\/bc-maasrhein.eu\/systemec-nimmt-neues-rechenzentrum-in-meerbusch-dusseldorf-in-betrieb\/#primaryimage\",\"url\":\"https:\/\/bc-maasrhein.eu\/wp-content\/uploads\/2021\/07\/QR-Code-Systemec.jpg\",\"contentUrl\":\"https:\/\/bc-maasrhein.eu\/wp-content\/uploads\/2021\/07\/QR-Code-Systemec.jpg\"},{\"@type\":\"BreadcrumbList\",\"@id\":\"https:\/\/bc-maasrhein.eu\/systemec-nimmt-neues-rechenzentrum-in-meerbusch-dusseldorf-in-betrieb\/#breadcrumb\",\"itemListElement\":[{\"@type\":\"ListItem\",\"position\":1,\"name\":\"Home\",\"item\":\"https:\/\/bc-maasrhein.eu\/\"},{\"@type\":\"ListItem\",\"position\":2,\"name\":\"Systemec nimmt neues Rechenzentrum in Meerbusch\/D\u00fcsseldorf in Betrieb\"}]},{\"@type\":\"WebSite\",\"@id\":\"https:\/\/bc-maasrhein.eu\/#website\",\"url\":\"https:\/\/bc-maasrhein.eu\/\",\"name\":\"BC Maas Rhein\",\"description\":\"\",\"potentialAction\":[{\"@type\":\"SearchAction\",\"target\":{\"@type\":\"EntryPoint\",\"urlTemplate\":\"https:\/\/bc-maasrhein.eu\/?s={search_term_string}\"},\"query-input\":{\"@type\":\"PropertyValueSpecification\",\"valueRequired\":true,\"valueName\":\"search_term_string\"}}],\"inLanguage\":\"de\"},{\"@type\":\"Person\",\"@id\":\"https:\/\/bc-maasrhein.eu\/#\/schema\/person\/6a8fc887c83b223dd0962d0770aaab7d\",\"name\":\"admin\",\"image\":{\"@type\":\"ImageObject\",\"inLanguage\":\"de\",\"@id\":\"https:\/\/secure.gravatar.com\/avatar\/3962a4a5701a3e18de2112317267cd8b06060bcc71fcd773e6d50256f459a8a5?s=96&d=mm&r=g\",\"url\":\"https:\/\/secure.gravatar.com\/avatar\/3962a4a5701a3e18de2112317267cd8b06060bcc71fcd773e6d50256f459a8a5?s=96&d=mm&r=g\",\"contentUrl\":\"https:\/\/secure.gravatar.com\/avatar\/3962a4a5701a3e18de2112317267cd8b06060bcc71fcd773e6d50256f459a8a5?s=96&d=mm&r=g\",\"caption\":\"admin\"},\"sameAs\":[\"https:\/\/bc-maasrhein.eu\"],\"url\":\"https:\/\/bc-maasrhein.eu\/de\/author\/admin\/\"}]}<\/script>\n<!-- \/ Yoast SEO plugin. -->","yoast_head_json":{"title":"Systemec nimmt neues Rechenzentrum in Meerbusch\/D\u00fcsseldorf in Betrieb - BC Maas Rhein","robots":{"index":"index","follow":"follow","max-snippet":"max-snippet:-1","max-image-preview":"max-image-preview:large","max-video-preview":"max-video-preview:-1"},"canonical":"https:\/\/bc-maasrhein.eu\/de\/systemec-nimmt-neues-rechenzentrum-in-meerbusch-dusseldorf-in-betrieb\/","og_locale":"de_DE","og_type":"article","og_title":"Systemec nimmt neues Rechenzentrum in Meerbusch\/D\u00fcsseldorf in Betrieb - BC Maas Rhein","og_description":"Es erf\u00fcllt uns mit Stolz Ihnen mitteilen zu k\u00f6nnen, dass sich die harte Arbeit unserer gesch\u00e4tzten Mitarbeiter gelohnt hat, denn am 16. Juni ist unser neues Rechenzentrum wie geplant \u201eOnline\u201c gegangen. Durch die vollzogene Inbetriebnahme des Rechenzentrums in Meerbusch\/D\u00fcsseldorf, erweitert Systemec sein Netzwerk um einen weiteren performanten Standort. Zu den hier verf\u00fcgbaren Kapazit\u00e4ten f\u00fcr Colocation [&hellip;]","og_url":"https:\/\/bc-maasrhein.eu\/de\/systemec-nimmt-neues-rechenzentrum-in-meerbusch-dusseldorf-in-betrieb\/","og_site_name":"BC Maas Rhein","article_published_time":"2021-07-01T08:24:35+00:00","author":"admin","twitter_card":"summary_large_image","twitter_misc":{"Verfasst von":"admin","Gesch\u00e4tzte Lesezeit":"1\u00a0Minute"},"schema":{"@context":"https:\/\/schema.org","@graph":[{"@type":"Article","@id":"https:\/\/bc-maasrhein.eu\/systemec-nimmt-neues-rechenzentrum-in-meerbusch-dusseldorf-in-betrieb\/#article","isPartOf":{"@id":"https:\/\/bc-maasrhein.eu\/systemec-nimmt-neues-rechenzentrum-in-meerbusch-dusseldorf-in-betrieb\/"},"author":{"name":"admin","@id":"https:\/\/bc-maasrhein.eu\/#\/schema\/person\/6a8fc887c83b223dd0962d0770aaab7d"},"headline":"Systemec nimmt neues Rechenzentrum in Meerbusch\/D\u00fcsseldorf in Betrieb","datePublished":"2021-07-01T08:24:35+00:00","mainEntityOfPage":{"@id":"https:\/\/bc-maasrhein.eu\/systemec-nimmt-neues-rechenzentrum-in-meerbusch-dusseldorf-in-betrieb\/"},"wordCount":150,"commentCount":0,"image":{"@id":"https:\/\/bc-maasrhein.eu\/systemec-nimmt-neues-rechenzentrum-in-meerbusch-dusseldorf-in-betrieb\/#primaryimage"},"thumbnailUrl":"https:\/\/bc-maasrhein.eu\/wp-content\/uploads\/2021\/07\/QR-Code-Systemec.jpg","inLanguage":"de","potentialAction":[{"@type":"CommentAction","name":"Comment","target":["https:\/\/bc-maasrhein.eu\/systemec-nimmt-neues-rechenzentrum-in-meerbusch-dusseldorf-in-betrieb\/#respond"]}]},{"@type":"WebPage","@id":"https:\/\/bc-maasrhein.eu\/systemec-nimmt-neues-rechenzentrum-in-meerbusch-dusseldorf-in-betrieb\/","url":"https:\/\/bc-maasrhein.eu\/systemec-nimmt-neues-rechenzentrum-in-meerbusch-dusseldorf-in-betrieb\/","name":"Systemec nimmt neues Rechenzentrum in Meerbusch\/D\u00fcsseldorf in Betrieb - BC Maas Rhein","isPartOf":{"@id":"https:\/\/bc-maasrhein.eu\/#website"},"primaryImageOfPage":{"@id":"https:\/\/bc-maasrhein.eu\/systemec-nimmt-neues-rechenzentrum-in-meerbusch-dusseldorf-in-betrieb\/#primaryimage"},"image":{"@id":"https:\/\/bc-maasrhein.eu\/systemec-nimmt-neues-rechenzentrum-in-meerbusch-dusseldorf-in-betrieb\/#primaryimage"},"thumbnailUrl":"https:\/\/bc-maasrhein.eu\/wp-content\/uploads\/2021\/07\/QR-Code-Systemec.jpg","datePublished":"2021-07-01T08:24:35+00:00","author":{"@id":"https:\/\/bc-maasrhein.eu\/#\/schema\/person\/6a8fc887c83b223dd0962d0770aaab7d"},"breadcrumb":{"@id":"https:\/\/bc-maasrhein.eu\/systemec-nimmt-neues-rechenzentrum-in-meerbusch-dusseldorf-in-betrieb\/#breadcrumb"},"inLanguage":"de","potentialAction":[{"@type":"ReadAction","target":["https:\/\/bc-maasrhein.eu\/systemec-nimmt-neues-rechenzentrum-in-meerbusch-dusseldorf-in-betrieb\/"]}]},{"@type":"ImageObject","inLanguage":"de","@id":"https:\/\/bc-maasrhein.eu\/systemec-nimmt-neues-rechenzentrum-in-meerbusch-dusseldorf-in-betrieb\/#primaryimage","url":"https:\/\/bc-maasrhein.eu\/wp-content\/uploads\/2021\/07\/QR-Code-Systemec.jpg","contentUrl":"https:\/\/bc-maasrhein.eu\/wp-content\/uploads\/2021\/07\/QR-Code-Systemec.jpg"},{"@type":"BreadcrumbList","@id":"https:\/\/bc-maasrhein.eu\/systemec-nimmt-neues-rechenzentrum-in-meerbusch-dusseldorf-in-betrieb\/#breadcrumb","itemListElement":[{"@type":"ListItem","position":1,"name":"Home","item":"https:\/\/bc-maasrhein.eu\/"},{"@type":"ListItem","position":2,"name":"Systemec nimmt neues Rechenzentrum in Meerbusch\/D\u00fcsseldorf in Betrieb"}]},{"@type":"WebSite","@id":"https:\/\/bc-maasrhein.eu\/#website","url":"https:\/\/bc-maasrhein.eu\/","name":"BC Maas Rhein","description":"","potentialAction":[{"@type":"SearchAction","target":{"@type":"EntryPoint","urlTemplate":"https:\/\/bc-maasrhein.eu\/?s={search_term_string}"},"query-input":{"@type":"PropertyValueSpecification","valueRequired":true,"valueName":"search_term_string"}}],"inLanguage":"de"},{"@type":"Person","@id":"https:\/\/bc-maasrhein.eu\/#\/schema\/person\/6a8fc887c83b223dd0962d0770aaab7d","name":"Administrator","image":{"@type":"ImageObject","inLanguage":"de","@id":"https:\/\/secure.gravatar.com\/avatar\/3962a4a5701a3e18de2112317267cd8b06060bcc71fcd773e6d50256f459a8a5?s=96&d=mm&r=g","url":"https:\/\/secure.gravatar.com\/avatar\/3962a4a5701a3e18de2112317267cd8b06060bcc71fcd773e6d50256f459a8a5?s=96&d=mm&r=g","contentUrl":"https:\/\/secure.gravatar.com\/avatar\/3962a4a5701a3e18de2112317267cd8b06060bcc71fcd773e6d50256f459a8a5?s=96&d=mm&r=g","caption":"admin"},"sameAs":["https:\/\/bc-maasrhein.eu"],"url":"https:\/\/bc-maasrhein.eu\/de\/author\/admin\/"}]}},"_links":{"self":[{"href":"https:\/\/bc-maasrhein.eu\/de\/wp-json\/wp\/v2\/posts\/1710","targetHints":{"allow":["GET"]}}],"collection":[{"href":"https:\/\/bc-maasrhein.eu\/de\/wp-json\/wp\/v2\/posts"}],"about":[{"href":"https:\/\/bc-maasrhein.eu\/de\/wp-json\/wp\/v2\/types\/post"}],"author":[{"embeddable":true,"href":"https:\/\/bc-maasrhein.eu\/de\/wp-json\/wp\/v2\/users\/1"}],"replies":[{"embeddable":true,"href":"https:\/\/bc-maasrhein.eu\/de\/wp-json\/wp\/v2\/comments?post=1710"}],"version-history":[{"count":0,"href":"https:\/\/bc-maasrhein.eu\/de\/wp-json\/wp\/v2\/posts\/1710\/revisions"}],"wp:attachment":[{"href":"https:\/\/bc-maasrhein.eu\/de\/wp-json\/wp\/v2\/media?parent=1710"}],"wp:term":[{"taxonomy":"category","embeddable":true,"href":"https:\/\/bc-maasrhein.eu\/de\/wp-json\/wp\/v2\/categories?post=1710"},{"taxonomy":"post_tag","embeddable":true,"href":"https:\/\/bc-maasrhein.eu\/de\/wp-json\/wp\/v2\/tags?post=1710"}],"curies":[{"name":"Welt","href":"https:\/\/api.w.org\/{rel}","templated":true}]}}