{"id":1684,"date":"2020-10-09T06:18:07","date_gmt":"2020-10-09T04:18:07","guid":{"rendered":"https:\/\/bc-maasrhein.eu\/landesgartenschau-ist-grenzuberschreitend\/"},"modified":"2020-10-09T06:18:07","modified_gmt":"2020-10-09T04:18:07","slug":"landesgartenschau-ist-grenzuberschreitend","status":"publish","type":"post","link":"https:\/\/bc-maasrhein.eu\/de\/landesgartenschau-ist-grenzuberschreitend\/","title":{"rendered":"Landesgartenschau ist grenz\u00fcberschreitend"},"content":{"rendered":"<p>Vergangene Woche traf sich der agrobusiness Niederrhein e.V. und der Business Club Maas Rhein zu einem gemeinsamen Austausch auf der Landesgartenschau. Die Euregio Rhein-Waal pr\u00e4sentierte sich vergangen Sonntag am wir4-Pavillon und informierte Gartenschau-Besucher \u00fcber grenz\u00fcberschreitende Initiativen. \u201eEs ist sch\u00f6n, dass unsere Landesgartenschau ein Treffpunkt f\u00fcr \u00fcberregionale \u2013 sogar grenz\u00fcberschreitende \u2013 Initiativen ist\u201c, erkl\u00e4rt Heinrich Sperling, Gesch\u00e4ftsf\u00fchrer der Landesgartenschau Kamp-Lintfort 2020 gGmbH. Kamp-Lintfort biete aufgrund der r\u00e4umlichen N\u00e4he zu den Niederlanden einen geeigneten Standort f\u00fcr gemeinsame Begegnungen, so Sperling.<br \/>\nIm Rahmen des grenz\u00fcberschreitenden Agropole-Netzwerks trafen sich am vergangenen Donnerstag Mitglieder des agrobusiness Niederrhein e.V. und des Business Club Maas Rhein zu einem gemeinsamen Austausch zwischen deutschen und niederl\u00e4ndischen Unternehmen.<br \/>\nSie nutzten den Besuch auf der Landesgartenschau, um Anregungen f\u00fcr eigene Unternehmen zu sammeln und sich \u00fcber innovative Projekte sowie neue Einrichtungen der Landesgartenschau zu informieren. Dazu geh\u00f6rte unter anderem ein Besuch des Green FabLab sowie des Tierparks KALISTO oder die Besichtigung des deutsch-niederl\u00e4ndischen Ausstellungsbeitrages Regional Skills Labs. \u201eAbschlie\u00dfend war es ein erfolgreicher Tag zur St\u00e4rkung der grenz\u00fcberschreitenden Zusammenarbeit\u201c, res\u00fcmiert Dr. Anke Schirocki, Gesch\u00e4ftsf\u00fchrerin des Agrobusiness Niederrhein e.V. und Mit-Organisatorin des Treffens.<br \/>\nDie Euregio Rhein-Waal informierte interessierte Gartenschau-Besucher im wir4-Pavillon \u00fcber grenz\u00fcberschreitende Projekte im Kreis Wesel. Dazu geh\u00f6rte unter anderem auch die Pr\u00e4sentation der gemeinsamen Radrouten, die einen wichtigen Teil zur Verbindung der Regionen beitragen.<\/p>\n<p>Foto:<br \/>\n(1): v.l.n.r.: Heinrich Sperling, Dr. Anke Schirocki, Gelderns B\u00fcrgermeister und Vorsitzender des Agrobusiness Niederrhein e.V. Sven Kaiser, Dr. Vincent Pijnenburg, Vorsitzender des Business Club Maas Rhein sowie Venlos B\u00fcrgermeister Antoin Scholten trafen sich im Rahmen des Agropole-Netzwerktreffens. (Lea Mispelkamp, Landesgartenschau Kamp-Lintfort 2020 gGmbH)<\/p>","protected":false},"excerpt":{"rendered":"<p>Vergangene Woche traf sich der agrobusiness Niederrhein e.V. und der Business Club Maas Rhein zu einem gemeinsamen Austausch auf der Landesgartenschau. Die Euregio Rhein-Waal pr\u00e4sentierte sich vergangen Sonntag am wir4-Pavillon und informierte Gartenschau-Besucher \u00fcber grenz\u00fcberschreitende Initiativen. \u201eEs ist sch\u00f6n, dass unsere Landesgartenschau ein Treffpunkt f\u00fcr \u00fcberregionale \u2013 sogar grenz\u00fcberschreitende \u2013 Initiativen ist\u201c, erkl\u00e4rt Heinrich Sperling, [&hellip;]<\/p>\n","protected":false},"author":1,"featured_media":0,"comment_status":"open","ping_status":"open","sticky":false,"template":"","format":"standard","meta":{"_acf_changed":false,"footnotes":""},"categories":[],"tags":[],"class_list":["post-1684","post","type-post","status-publish","format-standard","hentry"],"acf":[],"yoast_head":"<!-- This site is optimized with the Yoast SEO plugin v27.2 - https:\/\/yoast.com\/product\/yoast-seo-wordpress\/ -->\n<title>Landesgartenschau ist grenz\u00fcberschreitend - BC Maas Rhein<\/title>\n<meta name=\"robots\" content=\"index, follow, max-snippet:-1, max-image-preview:large, max-video-preview:-1\" \/>\n<link rel=\"canonical\" href=\"https:\/\/bc-maasrhein.eu\/de\/landesgartenschau-ist-grenzuberschreitend\/\" \/>\n<meta property=\"og:locale\" content=\"de_DE\" \/>\n<meta property=\"og:type\" content=\"article\" \/>\n<meta property=\"og:title\" content=\"Landesgartenschau ist grenz\u00fcberschreitend - BC Maas Rhein\" \/>\n<meta property=\"og:description\" content=\"Vergangene Woche traf sich der agrobusiness Niederrhein e.V. und der Business Club Maas Rhein zu einem gemeinsamen Austausch auf der Landesgartenschau. Die Euregio Rhein-Waal pr\u00e4sentierte sich vergangen Sonntag am wir4-Pavillon und informierte Gartenschau-Besucher \u00fcber grenz\u00fcberschreitende Initiativen. \u201eEs ist sch\u00f6n, dass unsere Landesgartenschau ein Treffpunkt f\u00fcr \u00fcberregionale \u2013 sogar grenz\u00fcberschreitende \u2013 Initiativen ist\u201c, erkl\u00e4rt Heinrich Sperling, [&hellip;]\" \/>\n<meta property=\"og:url\" content=\"https:\/\/bc-maasrhein.eu\/de\/landesgartenschau-ist-grenzuberschreitend\/\" \/>\n<meta property=\"og:site_name\" content=\"BC Maas Rhein\" \/>\n<meta property=\"article:published_time\" content=\"2020-10-09T04:18:07+00:00\" \/>\n<meta name=\"author\" content=\"admin\" \/>\n<meta name=\"twitter:card\" content=\"summary_large_image\" \/>\n<meta name=\"twitter:label1\" content=\"Verfasst von\" \/>\n\t<meta name=\"twitter:data1\" content=\"admin\" \/>\n\t<meta name=\"twitter:label2\" content=\"Gesch\u00e4tzte Lesezeit\" \/>\n\t<meta name=\"twitter:data2\" content=\"1\u00a0Minute\" \/>\n<script type=\"application\/ld+json\" class=\"yoast-schema-graph\">{\"@context\":\"https:\/\/schema.org\",\"@graph\":[{\"@type\":\"Article\",\"@id\":\"https:\/\/bc-maasrhein.eu\/landesgartenschau-ist-grenzuberschreitend\/#article\",\"isPartOf\":{\"@id\":\"https:\/\/bc-maasrhein.eu\/landesgartenschau-ist-grenzuberschreitend\/\"},\"author\":{\"name\":\"admin\",\"@id\":\"https:\/\/bc-maasrhein.eu\/#\/schema\/person\/6a8fc887c83b223dd0962d0770aaab7d\"},\"headline\":\"Landesgartenschau ist grenz\u00fcberschreitend\",\"datePublished\":\"2020-10-09T04:18:07+00:00\",\"mainEntityOfPage\":{\"@id\":\"https:\/\/bc-maasrhein.eu\/landesgartenschau-ist-grenzuberschreitend\/\"},\"wordCount\":292,\"commentCount\":0,\"inLanguage\":\"de\",\"potentialAction\":[{\"@type\":\"CommentAction\",\"name\":\"Comment\",\"target\":[\"https:\/\/bc-maasrhein.eu\/landesgartenschau-ist-grenzuberschreitend\/#respond\"]}]},{\"@type\":\"WebPage\",\"@id\":\"https:\/\/bc-maasrhein.eu\/landesgartenschau-ist-grenzuberschreitend\/\",\"url\":\"https:\/\/bc-maasrhein.eu\/landesgartenschau-ist-grenzuberschreitend\/\",\"name\":\"Landesgartenschau ist grenz\u00fcberschreitend - BC Maas Rhein\",\"isPartOf\":{\"@id\":\"https:\/\/bc-maasrhein.eu\/#website\"},\"datePublished\":\"2020-10-09T04:18:07+00:00\",\"author\":{\"@id\":\"https:\/\/bc-maasrhein.eu\/#\/schema\/person\/6a8fc887c83b223dd0962d0770aaab7d\"},\"breadcrumb\":{\"@id\":\"https:\/\/bc-maasrhein.eu\/landesgartenschau-ist-grenzuberschreitend\/#breadcrumb\"},\"inLanguage\":\"de\",\"potentialAction\":[{\"@type\":\"ReadAction\",\"target\":[\"https:\/\/bc-maasrhein.eu\/landesgartenschau-ist-grenzuberschreitend\/\"]}]},{\"@type\":\"BreadcrumbList\",\"@id\":\"https:\/\/bc-maasrhein.eu\/landesgartenschau-ist-grenzuberschreitend\/#breadcrumb\",\"itemListElement\":[{\"@type\":\"ListItem\",\"position\":1,\"name\":\"Home\",\"item\":\"https:\/\/bc-maasrhein.eu\/\"},{\"@type\":\"ListItem\",\"position\":2,\"name\":\"Landesgartenschau ist grenz\u00fcberschreitend\"}]},{\"@type\":\"WebSite\",\"@id\":\"https:\/\/bc-maasrhein.eu\/#website\",\"url\":\"https:\/\/bc-maasrhein.eu\/\",\"name\":\"BC Maas Rhein\",\"description\":\"\",\"potentialAction\":[{\"@type\":\"SearchAction\",\"target\":{\"@type\":\"EntryPoint\",\"urlTemplate\":\"https:\/\/bc-maasrhein.eu\/?s={search_term_string}\"},\"query-input\":{\"@type\":\"PropertyValueSpecification\",\"valueRequired\":true,\"valueName\":\"search_term_string\"}}],\"inLanguage\":\"de\"},{\"@type\":\"Person\",\"@id\":\"https:\/\/bc-maasrhein.eu\/#\/schema\/person\/6a8fc887c83b223dd0962d0770aaab7d\",\"name\":\"admin\",\"image\":{\"@type\":\"ImageObject\",\"inLanguage\":\"de\",\"@id\":\"https:\/\/secure.gravatar.com\/avatar\/3962a4a5701a3e18de2112317267cd8b06060bcc71fcd773e6d50256f459a8a5?s=96&d=mm&r=g\",\"url\":\"https:\/\/secure.gravatar.com\/avatar\/3962a4a5701a3e18de2112317267cd8b06060bcc71fcd773e6d50256f459a8a5?s=96&d=mm&r=g\",\"contentUrl\":\"https:\/\/secure.gravatar.com\/avatar\/3962a4a5701a3e18de2112317267cd8b06060bcc71fcd773e6d50256f459a8a5?s=96&d=mm&r=g\",\"caption\":\"admin\"},\"sameAs\":[\"https:\/\/bc-maasrhein.eu\"],\"url\":\"https:\/\/bc-maasrhein.eu\/de\/author\/admin\/\"}]}<\/script>\n<!-- \/ Yoast SEO plugin. -->","yoast_head_json":{"title":"Landesgartenschau ist grenz\u00fcberschreitend - BC Maas Rhein","robots":{"index":"index","follow":"follow","max-snippet":"max-snippet:-1","max-image-preview":"max-image-preview:large","max-video-preview":"max-video-preview:-1"},"canonical":"https:\/\/bc-maasrhein.eu\/de\/landesgartenschau-ist-grenzuberschreitend\/","og_locale":"de_DE","og_type":"article","og_title":"Landesgartenschau ist grenz\u00fcberschreitend - BC Maas Rhein","og_description":"Vergangene Woche traf sich der agrobusiness Niederrhein e.V. und der Business Club Maas Rhein zu einem gemeinsamen Austausch auf der Landesgartenschau. Die Euregio Rhein-Waal pr\u00e4sentierte sich vergangen Sonntag am wir4-Pavillon und informierte Gartenschau-Besucher \u00fcber grenz\u00fcberschreitende Initiativen. \u201eEs ist sch\u00f6n, dass unsere Landesgartenschau ein Treffpunkt f\u00fcr \u00fcberregionale \u2013 sogar grenz\u00fcberschreitende \u2013 Initiativen ist\u201c, erkl\u00e4rt Heinrich Sperling, [&hellip;]","og_url":"https:\/\/bc-maasrhein.eu\/de\/landesgartenschau-ist-grenzuberschreitend\/","og_site_name":"BC Maas Rhein","article_published_time":"2020-10-09T04:18:07+00:00","author":"admin","twitter_card":"summary_large_image","twitter_misc":{"Verfasst von":"admin","Gesch\u00e4tzte Lesezeit":"1\u00a0Minute"},"schema":{"@context":"https:\/\/schema.org","@graph":[{"@type":"Article","@id":"https:\/\/bc-maasrhein.eu\/landesgartenschau-ist-grenzuberschreitend\/#article","isPartOf":{"@id":"https:\/\/bc-maasrhein.eu\/landesgartenschau-ist-grenzuberschreitend\/"},"author":{"name":"admin","@id":"https:\/\/bc-maasrhein.eu\/#\/schema\/person\/6a8fc887c83b223dd0962d0770aaab7d"},"headline":"Landesgartenschau ist grenz\u00fcberschreitend","datePublished":"2020-10-09T04:18:07+00:00","mainEntityOfPage":{"@id":"https:\/\/bc-maasrhein.eu\/landesgartenschau-ist-grenzuberschreitend\/"},"wordCount":292,"commentCount":0,"inLanguage":"de","potentialAction":[{"@type":"CommentAction","name":"Comment","target":["https:\/\/bc-maasrhein.eu\/landesgartenschau-ist-grenzuberschreitend\/#respond"]}]},{"@type":"WebPage","@id":"https:\/\/bc-maasrhein.eu\/landesgartenschau-ist-grenzuberschreitend\/","url":"https:\/\/bc-maasrhein.eu\/landesgartenschau-ist-grenzuberschreitend\/","name":"Landesgartenschau ist grenz\u00fcberschreitend - BC Maas Rhein","isPartOf":{"@id":"https:\/\/bc-maasrhein.eu\/#website"},"datePublished":"2020-10-09T04:18:07+00:00","author":{"@id":"https:\/\/bc-maasrhein.eu\/#\/schema\/person\/6a8fc887c83b223dd0962d0770aaab7d"},"breadcrumb":{"@id":"https:\/\/bc-maasrhein.eu\/landesgartenschau-ist-grenzuberschreitend\/#breadcrumb"},"inLanguage":"de","potentialAction":[{"@type":"ReadAction","target":["https:\/\/bc-maasrhein.eu\/landesgartenschau-ist-grenzuberschreitend\/"]}]},{"@type":"BreadcrumbList","@id":"https:\/\/bc-maasrhein.eu\/landesgartenschau-ist-grenzuberschreitend\/#breadcrumb","itemListElement":[{"@type":"ListItem","position":1,"name":"Home","item":"https:\/\/bc-maasrhein.eu\/"},{"@type":"ListItem","position":2,"name":"Landesgartenschau ist grenz\u00fcberschreitend"}]},{"@type":"WebSite","@id":"https:\/\/bc-maasrhein.eu\/#website","url":"https:\/\/bc-maasrhein.eu\/","name":"BC Maas Rhein","description":"","potentialAction":[{"@type":"SearchAction","target":{"@type":"EntryPoint","urlTemplate":"https:\/\/bc-maasrhein.eu\/?s={search_term_string}"},"query-input":{"@type":"PropertyValueSpecification","valueRequired":true,"valueName":"search_term_string"}}],"inLanguage":"de"},{"@type":"Person","@id":"https:\/\/bc-maasrhein.eu\/#\/schema\/person\/6a8fc887c83b223dd0962d0770aaab7d","name":"Administrator","image":{"@type":"ImageObject","inLanguage":"de","@id":"https:\/\/secure.gravatar.com\/avatar\/3962a4a5701a3e18de2112317267cd8b06060bcc71fcd773e6d50256f459a8a5?s=96&d=mm&r=g","url":"https:\/\/secure.gravatar.com\/avatar\/3962a4a5701a3e18de2112317267cd8b06060bcc71fcd773e6d50256f459a8a5?s=96&d=mm&r=g","contentUrl":"https:\/\/secure.gravatar.com\/avatar\/3962a4a5701a3e18de2112317267cd8b06060bcc71fcd773e6d50256f459a8a5?s=96&d=mm&r=g","caption":"admin"},"sameAs":["https:\/\/bc-maasrhein.eu"],"url":"https:\/\/bc-maasrhein.eu\/de\/author\/admin\/"}]}},"_links":{"self":[{"href":"https:\/\/bc-maasrhein.eu\/de\/wp-json\/wp\/v2\/posts\/1684","targetHints":{"allow":["GET"]}}],"collection":[{"href":"https:\/\/bc-maasrhein.eu\/de\/wp-json\/wp\/v2\/posts"}],"about":[{"href":"https:\/\/bc-maasrhein.eu\/de\/wp-json\/wp\/v2\/types\/post"}],"author":[{"embeddable":true,"href":"https:\/\/bc-maasrhein.eu\/de\/wp-json\/wp\/v2\/users\/1"}],"replies":[{"embeddable":true,"href":"https:\/\/bc-maasrhein.eu\/de\/wp-json\/wp\/v2\/comments?post=1684"}],"version-history":[{"count":0,"href":"https:\/\/bc-maasrhein.eu\/de\/wp-json\/wp\/v2\/posts\/1684\/revisions"}],"wp:attachment":[{"href":"https:\/\/bc-maasrhein.eu\/de\/wp-json\/wp\/v2\/media?parent=1684"}],"wp:term":[{"taxonomy":"category","embeddable":true,"href":"https:\/\/bc-maasrhein.eu\/de\/wp-json\/wp\/v2\/categories?post=1684"},{"taxonomy":"post_tag","embeddable":true,"href":"https:\/\/bc-maasrhein.eu\/de\/wp-json\/wp\/v2\/tags?post=1684"}],"curies":[{"name":"Welt","href":"https:\/\/api.w.org\/{rel}","templated":true}]}}