{"id":1674,"date":"2020-04-29T19:45:25","date_gmt":"2020-04-29T17:45:25","guid":{"rendered":"https:\/\/bc-maasrhein.eu\/14-mei-2020-economische-overheidsmaatregelen-i-v-m-corona-crises-en-de-impact-voor-grensoverschrijdend-ondernemen\/"},"modified":"2020-04-29T19:45:25","modified_gmt":"2020-04-29T17:45:25","slug":"14-mei-2020-economische-overheidsmaatregelen-i-v-m-corona-crises-en-de-impact-voor-grensoverschrijdend-ondernemen","status":"publish","type":"post","link":"https:\/\/bc-maasrhein.eu\/de\/14-mei-2020-economische-overheidsmaatregelen-i-v-m-corona-crises-en-de-impact-voor-grensoverschrijdend-ondernemen\/","title":{"rendered":"14. Mai 2020: Wirtschaftliche staatliche Ma\u00dfnahmen wegen der Corona-Krise und die Auswirkungen f\u00fcr grenz\u00fcberschreitende Unternehmen"},"content":{"rendered":"<p>Wir hoffen, dass Sie in den letzten Wochen sowohl in Bezug auf Ihre Gesundheit als auch auf Ihre Gesch\u00e4ftsabl\u00e4ufe so wenig wie m\u00f6glich durch Covid19 beeintr\u00e4chtigt wurden. Wo wir Sie in dieser Zeit unterst\u00fctzen k\u00f6nnen, denken wir gerne mit. Leider waren wir gezwungen, unsere physischen Treffen bis zum Sommer abzusagen. Dennoch halten wir es f\u00fcr wertvoll, in dieser besonderen Zeit zusammenzukommen. Auch grenz\u00fcberschreitend gibt es viel zu teilen und zu besprechen.<\/p>\n<p>Es ist mir daher ein Vergn\u00fcgen, Sie im Namen unseres Vorstands zu einem Webinar einzuladen am <strong>Donnerstag<\/strong> <strong>14. Mai 2020, 12:00 \u2013 13:30 Uhr. <\/strong>Auf diese digitale Weise bringen wir Sie als Mitglieder gerne zusammen und versuchen, Sie mit gezielten Informationen im Bereich des grenz\u00fcberschreitenden Unternehmertums zu unterst\u00fctzen. Das Programm und weitere Informationen finden Sie <a href=\"https:\/\/bc-maasrhein.eu\/de\/event\/14-mei-webinar\/\">hier<\/a>.<\/p>\n<p>&nbsp;<\/p>","protected":false},"excerpt":{"rendered":"<p>We hopen dat u de afgelopen weken zowel qua gezondheid als qua bedrijfsvoering zo min mogelijk hinder heeft ondervonden van Covid19. Waar we u in deze tijd kunnen ondersteunen, denken we graag mee. Helaas zijn we genoodzaakt geweest onze fysieke bijeenkomsten tot de zomer af te gelasten. Toch achten wij het waardevol om samen te [&hellip;]<\/p>\n","protected":false},"author":1,"featured_media":0,"comment_status":"open","ping_status":"open","sticky":false,"template":"","format":"standard","meta":{"_acf_changed":false,"footnotes":""},"categories":[],"tags":[],"class_list":["post-1674","post","type-post","status-publish","format-standard","hentry"],"acf":[],"yoast_head":"<!-- This site is optimized with the Yoast SEO plugin v27.2 - https:\/\/yoast.com\/product\/yoast-seo-wordpress\/ -->\n<title>14 mei 2020: economische overheidsmaatregelen i.v.m. corona crises en de impact voor grensoverschrijdend ondernemen - BC Maas Rhein<\/title>\n<meta name=\"robots\" content=\"index, follow, max-snippet:-1, max-image-preview:large, max-video-preview:-1\" \/>\n<link rel=\"canonical\" href=\"https:\/\/bc-maasrhein.eu\/de\/14-mei-2020-economische-overheidsmaatregelen-i-v-m-corona-crises-en-de-impact-voor-grensoverschrijdend-ondernemen\/\" \/>\n<meta property=\"og:locale\" content=\"de_DE\" \/>\n<meta property=\"og:type\" content=\"article\" \/>\n<meta property=\"og:title\" content=\"14 mei 2020: economische overheidsmaatregelen i.v.m. corona crises en de impact voor grensoverschrijdend ondernemen - BC Maas Rhein\" \/>\n<meta property=\"og:description\" content=\"We hopen dat u de afgelopen weken zowel qua gezondheid als qua bedrijfsvoering zo min mogelijk hinder heeft ondervonden van Covid19. Waar we u in deze tijd kunnen ondersteunen, denken we graag mee. Helaas zijn we genoodzaakt geweest onze fysieke bijeenkomsten tot de zomer af te gelasten. Toch achten wij het waardevol om samen te [&hellip;]\" \/>\n<meta property=\"og:url\" content=\"https:\/\/bc-maasrhein.eu\/de\/14-mei-2020-economische-overheidsmaatregelen-i-v-m-corona-crises-en-de-impact-voor-grensoverschrijdend-ondernemen\/\" \/>\n<meta property=\"og:site_name\" content=\"BC Maas Rhein\" \/>\n<meta property=\"article:published_time\" content=\"2020-04-29T17:45:25+00:00\" \/>\n<meta name=\"author\" content=\"admin\" \/>\n<meta name=\"twitter:card\" content=\"summary_large_image\" \/>\n<meta name=\"twitter:label1\" content=\"Verfasst von\" \/>\n\t<meta name=\"twitter:data1\" content=\"admin\" \/>\n\t<meta name=\"twitter:label2\" content=\"Gesch\u00e4tzte Lesezeit\" \/>\n\t<meta name=\"twitter:data2\" content=\"1\u00a0Minute\" \/>\n<script type=\"application\/ld+json\" class=\"yoast-schema-graph\">{\"@context\":\"https:\/\/schema.org\",\"@graph\":[{\"@type\":\"Article\",\"@id\":\"https:\/\/bc-maasrhein.eu\/14-mei-2020-economische-overheidsmaatregelen-i-v-m-corona-crises-en-de-impact-voor-grensoverschrijdend-ondernemen\/#article\",\"isPartOf\":{\"@id\":\"https:\/\/bc-maasrhein.eu\/14-mei-2020-economische-overheidsmaatregelen-i-v-m-corona-crises-en-de-impact-voor-grensoverschrijdend-ondernemen\/\"},\"author\":{\"name\":\"admin\",\"@id\":\"https:\/\/bc-maasrhein.eu\/#\/schema\/person\/6a8fc887c83b223dd0962d0770aaab7d\"},\"headline\":\"14 mei 2020: economische overheidsmaatregelen i.v.m. corona crises en de impact voor grensoverschrijdend ondernemen\",\"datePublished\":\"2020-04-29T17:45:25+00:00\",\"mainEntityOfPage\":{\"@id\":\"https:\/\/bc-maasrhein.eu\/14-mei-2020-economische-overheidsmaatregelen-i-v-m-corona-crises-en-de-impact-voor-grensoverschrijdend-ondernemen\/\"},\"wordCount\":139,\"commentCount\":0,\"inLanguage\":\"de\",\"potentialAction\":[{\"@type\":\"CommentAction\",\"name\":\"Comment\",\"target\":[\"https:\/\/bc-maasrhein.eu\/14-mei-2020-economische-overheidsmaatregelen-i-v-m-corona-crises-en-de-impact-voor-grensoverschrijdend-ondernemen\/#respond\"]}]},{\"@type\":\"WebPage\",\"@id\":\"https:\/\/bc-maasrhein.eu\/14-mei-2020-economische-overheidsmaatregelen-i-v-m-corona-crises-en-de-impact-voor-grensoverschrijdend-ondernemen\/\",\"url\":\"https:\/\/bc-maasrhein.eu\/14-mei-2020-economische-overheidsmaatregelen-i-v-m-corona-crises-en-de-impact-voor-grensoverschrijdend-ondernemen\/\",\"name\":\"14 mei 2020: economische overheidsmaatregelen i.v.m. corona crises en de impact voor grensoverschrijdend ondernemen - BC Maas Rhein\",\"isPartOf\":{\"@id\":\"https:\/\/bc-maasrhein.eu\/#website\"},\"datePublished\":\"2020-04-29T17:45:25+00:00\",\"author\":{\"@id\":\"https:\/\/bc-maasrhein.eu\/#\/schema\/person\/6a8fc887c83b223dd0962d0770aaab7d\"},\"breadcrumb\":{\"@id\":\"https:\/\/bc-maasrhein.eu\/14-mei-2020-economische-overheidsmaatregelen-i-v-m-corona-crises-en-de-impact-voor-grensoverschrijdend-ondernemen\/#breadcrumb\"},\"inLanguage\":\"de\",\"potentialAction\":[{\"@type\":\"ReadAction\",\"target\":[\"https:\/\/bc-maasrhein.eu\/14-mei-2020-economische-overheidsmaatregelen-i-v-m-corona-crises-en-de-impact-voor-grensoverschrijdend-ondernemen\/\"]}]},{\"@type\":\"BreadcrumbList\",\"@id\":\"https:\/\/bc-maasrhein.eu\/14-mei-2020-economische-overheidsmaatregelen-i-v-m-corona-crises-en-de-impact-voor-grensoverschrijdend-ondernemen\/#breadcrumb\",\"itemListElement\":[{\"@type\":\"ListItem\",\"position\":1,\"name\":\"Home\",\"item\":\"https:\/\/bc-maasrhein.eu\/\"},{\"@type\":\"ListItem\",\"position\":2,\"name\":\"14 mei 2020: economische overheidsmaatregelen i.v.m. corona crises en de impact voor grensoverschrijdend ondernemen\"}]},{\"@type\":\"WebSite\",\"@id\":\"https:\/\/bc-maasrhein.eu\/#website\",\"url\":\"https:\/\/bc-maasrhein.eu\/\",\"name\":\"BC Maas Rhein\",\"description\":\"\",\"potentialAction\":[{\"@type\":\"SearchAction\",\"target\":{\"@type\":\"EntryPoint\",\"urlTemplate\":\"https:\/\/bc-maasrhein.eu\/?s={search_term_string}\"},\"query-input\":{\"@type\":\"PropertyValueSpecification\",\"valueRequired\":true,\"valueName\":\"search_term_string\"}}],\"inLanguage\":\"de\"},{\"@type\":\"Person\",\"@id\":\"https:\/\/bc-maasrhein.eu\/#\/schema\/person\/6a8fc887c83b223dd0962d0770aaab7d\",\"name\":\"admin\",\"image\":{\"@type\":\"ImageObject\",\"inLanguage\":\"de\",\"@id\":\"https:\/\/secure.gravatar.com\/avatar\/3962a4a5701a3e18de2112317267cd8b06060bcc71fcd773e6d50256f459a8a5?s=96&d=mm&r=g\",\"url\":\"https:\/\/secure.gravatar.com\/avatar\/3962a4a5701a3e18de2112317267cd8b06060bcc71fcd773e6d50256f459a8a5?s=96&d=mm&r=g\",\"contentUrl\":\"https:\/\/secure.gravatar.com\/avatar\/3962a4a5701a3e18de2112317267cd8b06060bcc71fcd773e6d50256f459a8a5?s=96&d=mm&r=g\",\"caption\":\"admin\"},\"sameAs\":[\"https:\/\/bc-maasrhein.eu\"],\"url\":\"https:\/\/bc-maasrhein.eu\/de\/author\/admin\/\"}]}<\/script>\n<!-- \/ Yoast SEO plugin. -->","yoast_head_json":{"title":"14 mei 2020: economische overheidsmaatregelen i.v.m. corona crises en de impact voor grensoverschrijdend ondernemen - BC Maas Rhein","robots":{"index":"index","follow":"follow","max-snippet":"max-snippet:-1","max-image-preview":"max-image-preview:large","max-video-preview":"max-video-preview:-1"},"canonical":"https:\/\/bc-maasrhein.eu\/de\/14-mei-2020-economische-overheidsmaatregelen-i-v-m-corona-crises-en-de-impact-voor-grensoverschrijdend-ondernemen\/","og_locale":"de_DE","og_type":"article","og_title":"14 mei 2020: economische overheidsmaatregelen i.v.m. corona crises en de impact voor grensoverschrijdend ondernemen - BC Maas Rhein","og_description":"We hopen dat u de afgelopen weken zowel qua gezondheid als qua bedrijfsvoering zo min mogelijk hinder heeft ondervonden van Covid19. Waar we u in deze tijd kunnen ondersteunen, denken we graag mee. Helaas zijn we genoodzaakt geweest onze fysieke bijeenkomsten tot de zomer af te gelasten. Toch achten wij het waardevol om samen te [&hellip;]","og_url":"https:\/\/bc-maasrhein.eu\/de\/14-mei-2020-economische-overheidsmaatregelen-i-v-m-corona-crises-en-de-impact-voor-grensoverschrijdend-ondernemen\/","og_site_name":"BC Maas Rhein","article_published_time":"2020-04-29T17:45:25+00:00","author":"admin","twitter_card":"summary_large_image","twitter_misc":{"Verfasst von":"admin","Gesch\u00e4tzte Lesezeit":"1\u00a0Minute"},"schema":{"@context":"https:\/\/schema.org","@graph":[{"@type":"Article","@id":"https:\/\/bc-maasrhein.eu\/14-mei-2020-economische-overheidsmaatregelen-i-v-m-corona-crises-en-de-impact-voor-grensoverschrijdend-ondernemen\/#article","isPartOf":{"@id":"https:\/\/bc-maasrhein.eu\/14-mei-2020-economische-overheidsmaatregelen-i-v-m-corona-crises-en-de-impact-voor-grensoverschrijdend-ondernemen\/"},"author":{"name":"admin","@id":"https:\/\/bc-maasrhein.eu\/#\/schema\/person\/6a8fc887c83b223dd0962d0770aaab7d"},"headline":"14 mei 2020: economische overheidsmaatregelen i.v.m. corona crises en de impact voor grensoverschrijdend ondernemen","datePublished":"2020-04-29T17:45:25+00:00","mainEntityOfPage":{"@id":"https:\/\/bc-maasrhein.eu\/14-mei-2020-economische-overheidsmaatregelen-i-v-m-corona-crises-en-de-impact-voor-grensoverschrijdend-ondernemen\/"},"wordCount":139,"commentCount":0,"inLanguage":"de","potentialAction":[{"@type":"CommentAction","name":"Comment","target":["https:\/\/bc-maasrhein.eu\/14-mei-2020-economische-overheidsmaatregelen-i-v-m-corona-crises-en-de-impact-voor-grensoverschrijdend-ondernemen\/#respond"]}]},{"@type":"WebPage","@id":"https:\/\/bc-maasrhein.eu\/14-mei-2020-economische-overheidsmaatregelen-i-v-m-corona-crises-en-de-impact-voor-grensoverschrijdend-ondernemen\/","url":"https:\/\/bc-maasrhein.eu\/14-mei-2020-economische-overheidsmaatregelen-i-v-m-corona-crises-en-de-impact-voor-grensoverschrijdend-ondernemen\/","name":"14 mei 2020: economische overheidsmaatregelen i.v.m. corona crises en de impact voor grensoverschrijdend ondernemen - BC Maas Rhein","isPartOf":{"@id":"https:\/\/bc-maasrhein.eu\/#website"},"datePublished":"2020-04-29T17:45:25+00:00","author":{"@id":"https:\/\/bc-maasrhein.eu\/#\/schema\/person\/6a8fc887c83b223dd0962d0770aaab7d"},"breadcrumb":{"@id":"https:\/\/bc-maasrhein.eu\/14-mei-2020-economische-overheidsmaatregelen-i-v-m-corona-crises-en-de-impact-voor-grensoverschrijdend-ondernemen\/#breadcrumb"},"inLanguage":"de","potentialAction":[{"@type":"ReadAction","target":["https:\/\/bc-maasrhein.eu\/14-mei-2020-economische-overheidsmaatregelen-i-v-m-corona-crises-en-de-impact-voor-grensoverschrijdend-ondernemen\/"]}]},{"@type":"BreadcrumbList","@id":"https:\/\/bc-maasrhein.eu\/14-mei-2020-economische-overheidsmaatregelen-i-v-m-corona-crises-en-de-impact-voor-grensoverschrijdend-ondernemen\/#breadcrumb","itemListElement":[{"@type":"ListItem","position":1,"name":"Home","item":"https:\/\/bc-maasrhein.eu\/"},{"@type":"ListItem","position":2,"name":"14 mei 2020: economische overheidsmaatregelen i.v.m. corona crises en de impact voor grensoverschrijdend ondernemen"}]},{"@type":"WebSite","@id":"https:\/\/bc-maasrhein.eu\/#website","url":"https:\/\/bc-maasrhein.eu\/","name":"BC Maas Rhein","description":"","potentialAction":[{"@type":"SearchAction","target":{"@type":"EntryPoint","urlTemplate":"https:\/\/bc-maasrhein.eu\/?s={search_term_string}"},"query-input":{"@type":"PropertyValueSpecification","valueRequired":true,"valueName":"search_term_string"}}],"inLanguage":"de"},{"@type":"Person","@id":"https:\/\/bc-maasrhein.eu\/#\/schema\/person\/6a8fc887c83b223dd0962d0770aaab7d","name":"Administrator","image":{"@type":"ImageObject","inLanguage":"de","@id":"https:\/\/secure.gravatar.com\/avatar\/3962a4a5701a3e18de2112317267cd8b06060bcc71fcd773e6d50256f459a8a5?s=96&d=mm&r=g","url":"https:\/\/secure.gravatar.com\/avatar\/3962a4a5701a3e18de2112317267cd8b06060bcc71fcd773e6d50256f459a8a5?s=96&d=mm&r=g","contentUrl":"https:\/\/secure.gravatar.com\/avatar\/3962a4a5701a3e18de2112317267cd8b06060bcc71fcd773e6d50256f459a8a5?s=96&d=mm&r=g","caption":"admin"},"sameAs":["https:\/\/bc-maasrhein.eu"],"url":"https:\/\/bc-maasrhein.eu\/de\/author\/admin\/"}]}},"_links":{"self":[{"href":"https:\/\/bc-maasrhein.eu\/de\/wp-json\/wp\/v2\/posts\/1674","targetHints":{"allow":["GET"]}}],"collection":[{"href":"https:\/\/bc-maasrhein.eu\/de\/wp-json\/wp\/v2\/posts"}],"about":[{"href":"https:\/\/bc-maasrhein.eu\/de\/wp-json\/wp\/v2\/types\/post"}],"author":[{"embeddable":true,"href":"https:\/\/bc-maasrhein.eu\/de\/wp-json\/wp\/v2\/users\/1"}],"replies":[{"embeddable":true,"href":"https:\/\/bc-maasrhein.eu\/de\/wp-json\/wp\/v2\/comments?post=1674"}],"version-history":[{"count":0,"href":"https:\/\/bc-maasrhein.eu\/de\/wp-json\/wp\/v2\/posts\/1674\/revisions"}],"wp:attachment":[{"href":"https:\/\/bc-maasrhein.eu\/de\/wp-json\/wp\/v2\/media?parent=1674"}],"wp:term":[{"taxonomy":"category","embeddable":true,"href":"https:\/\/bc-maasrhein.eu\/de\/wp-json\/wp\/v2\/categories?post=1674"},{"taxonomy":"post_tag","embeddable":true,"href":"https:\/\/bc-maasrhein.eu\/de\/wp-json\/wp\/v2\/tags?post=1674"}],"curies":[{"name":"Welt","href":"https:\/\/api.w.org\/{rel}","templated":true}]}}