{"id":1594,"date":"2017-09-07T09:29:47","date_gmt":"2017-09-07T07:29:47","guid":{"rendered":"https:\/\/bc-maasrhein.eu\/euregionale-masterclass-op-25-september-bent-u-al-aangemeld\/"},"modified":"2017-09-07T09:29:47","modified_gmt":"2017-09-07T07:29:47","slug":"euregionale-masterclass-op-25-september-bent-u-al-aangemeld","status":"publish","type":"post","link":"https:\/\/bc-maasrhein.eu\/de\/euregionale-masterclass-op-25-september-bent-u-al-aangemeld\/","title":{"rendered":"Euregionale Masterclass am 25. September: Haben Sie sich schon angemeldet?"},"content":{"rendered":"<p>Vor einigen Monaten erhielten Sie eine Einladung zur ersten euregionalen Masterclass am 25. September. Haben Sie sich schon angemeldet? Wenn nicht, beeilen Sie sich! Es sind noch einige Pl\u00e4tze verf\u00fcgbar.<\/p>\n<p>Das Programm startet um 16:00 Uhr (Empfang ab 15:45 Uhr) bei Fontys Venlo. Karin Straus, ehemalige Abgeordnete des Zweiten Kamer und Botschafterin f\u00fcr Euregionale Bildung im Auftrag der Provinz Limburg, wird das Masterclass-Programm kurz er\u00f6ffnen. Dr. Sonja Floto-Stammen wird anschlie\u00dfend eine inhaltliche Masterclass zum Thema Agro und Food in der Euregio halten. Was ist Agrobusiness eigentlich und wie sieht dieses Gesch\u00e4ft in der Grenzregion aus? Wie sieht eine Lebensmittelwertsch\u00f6pfungskette aus und schmecken Tomaten aus den Niederlanden anders als aus Deutschland? Einige wichtige euregionale Stakeholder aus der Agrobusiness werden Ihnen vorgestellt. Unter anderem Dr. Anke Schirocki von Agrobusiness Niederrhein, Thomas Korff von Landgard und Jan Vostermans von Fresh Park Venlo werden mit Ihnen \u00fcber die euregionale Agrobusiness ins Gespr\u00e4ch kommen.<\/p>\n<p>Wir hoffen, dass Sie kommen werden! <a href=\"https:\/\/www.eventbrite.nl\/e\/tickets-1-euregionale-masterclass-35560046055?ref=enivte001&amp;invite=MTI1OTUwNDMvc29jaWFsbWVkaWFAYmMtbWFhc3JoZWluLmV1LzA%3D&amp;utm_source=eb_email&amp;utm_medium=email&amp;utm_campaign=invitemodernv2&amp;ref=enivte001&amp;utm_term=attend\">Hier<\/a> Es geht nach der Anmeldung.<\/p>","protected":false},"excerpt":{"rendered":"<p>Enkele maanden geleden heeft u een uitnodiging ontvangen voor de eerste euregionale masterclass op 25 september. Heeft u zich al aangemeld? Zo niet, wees er dan snel bij! Er zijn nog enkele plekken beschikbaar. Het programma start om 16 uur (ontvangst vanaf 15:45 uur) bij Fontys Venlo. Karin Straus, voormalig Tweede Kamerlid en Ambassadrice Euregionalisering [&hellip;]<\/p>\n","protected":false},"author":1,"featured_media":0,"comment_status":"open","ping_status":"open","sticky":false,"template":"","format":"standard","meta":{"_acf_changed":false,"footnotes":""},"categories":[],"tags":[],"class_list":["post-1594","post","type-post","status-publish","format-standard","hentry"],"acf":[],"yoast_head":"<!-- This site is optimized with the Yoast SEO plugin v27.2 - https:\/\/yoast.com\/product\/yoast-seo-wordpress\/ -->\n<title>Euregionale Masterclass op 25 september: Bent u al aangemeld? - BC Maas Rhein<\/title>\n<meta name=\"robots\" content=\"index, follow, max-snippet:-1, max-image-preview:large, max-video-preview:-1\" \/>\n<link rel=\"canonical\" href=\"https:\/\/bc-maasrhein.eu\/de\/euregionale-masterclass-op-25-september-bent-u-al-aangemeld\/\" \/>\n<meta property=\"og:locale\" content=\"de_DE\" \/>\n<meta property=\"og:type\" content=\"article\" \/>\n<meta property=\"og:title\" content=\"Euregionale Masterclass op 25 september: Bent u al aangemeld? - BC Maas Rhein\" \/>\n<meta property=\"og:description\" content=\"Enkele maanden geleden heeft u een uitnodiging ontvangen voor de eerste euregionale masterclass op 25 september. Heeft u zich al aangemeld? Zo niet, wees er dan snel bij! Er zijn nog enkele plekken beschikbaar. Het programma start om 16 uur (ontvangst vanaf 15:45 uur) bij Fontys Venlo. Karin Straus, voormalig Tweede Kamerlid en Ambassadrice Euregionalisering [&hellip;]\" \/>\n<meta property=\"og:url\" content=\"https:\/\/bc-maasrhein.eu\/de\/euregionale-masterclass-op-25-september-bent-u-al-aangemeld\/\" \/>\n<meta property=\"og:site_name\" content=\"BC Maas Rhein\" \/>\n<meta property=\"article:published_time\" content=\"2017-09-07T07:29:47+00:00\" \/>\n<meta name=\"author\" content=\"admin\" \/>\n<meta name=\"twitter:card\" content=\"summary_large_image\" \/>\n<meta name=\"twitter:label1\" content=\"Verfasst von\" \/>\n\t<meta name=\"twitter:data1\" content=\"admin\" \/>\n\t<meta name=\"twitter:label2\" content=\"Gesch\u00e4tzte Lesezeit\" \/>\n\t<meta name=\"twitter:data2\" content=\"1\u00a0Minute\" \/>\n<script type=\"application\/ld+json\" class=\"yoast-schema-graph\">{\"@context\":\"https:\/\/schema.org\",\"@graph\":[{\"@type\":\"Article\",\"@id\":\"https:\/\/bc-maasrhein.eu\/euregionale-masterclass-op-25-september-bent-u-al-aangemeld\/#article\",\"isPartOf\":{\"@id\":\"https:\/\/bc-maasrhein.eu\/euregionale-masterclass-op-25-september-bent-u-al-aangemeld\/\"},\"author\":{\"name\":\"admin\",\"@id\":\"https:\/\/bc-maasrhein.eu\/#\/schema\/person\/6a8fc887c83b223dd0962d0770aaab7d\"},\"headline\":\"Euregionale Masterclass op 25 september: Bent u al aangemeld?\",\"datePublished\":\"2017-09-07T07:29:47+00:00\",\"mainEntityOfPage\":{\"@id\":\"https:\/\/bc-maasrhein.eu\/euregionale-masterclass-op-25-september-bent-u-al-aangemeld\/\"},\"wordCount\":173,\"commentCount\":0,\"inLanguage\":\"de\",\"potentialAction\":[{\"@type\":\"CommentAction\",\"name\":\"Comment\",\"target\":[\"https:\/\/bc-maasrhein.eu\/euregionale-masterclass-op-25-september-bent-u-al-aangemeld\/#respond\"]}]},{\"@type\":\"WebPage\",\"@id\":\"https:\/\/bc-maasrhein.eu\/euregionale-masterclass-op-25-september-bent-u-al-aangemeld\/\",\"url\":\"https:\/\/bc-maasrhein.eu\/euregionale-masterclass-op-25-september-bent-u-al-aangemeld\/\",\"name\":\"Euregionale Masterclass op 25 september: Bent u al aangemeld? - BC Maas Rhein\",\"isPartOf\":{\"@id\":\"https:\/\/bc-maasrhein.eu\/#website\"},\"datePublished\":\"2017-09-07T07:29:47+00:00\",\"author\":{\"@id\":\"https:\/\/bc-maasrhein.eu\/#\/schema\/person\/6a8fc887c83b223dd0962d0770aaab7d\"},\"breadcrumb\":{\"@id\":\"https:\/\/bc-maasrhein.eu\/euregionale-masterclass-op-25-september-bent-u-al-aangemeld\/#breadcrumb\"},\"inLanguage\":\"de\",\"potentialAction\":[{\"@type\":\"ReadAction\",\"target\":[\"https:\/\/bc-maasrhein.eu\/euregionale-masterclass-op-25-september-bent-u-al-aangemeld\/\"]}]},{\"@type\":\"BreadcrumbList\",\"@id\":\"https:\/\/bc-maasrhein.eu\/euregionale-masterclass-op-25-september-bent-u-al-aangemeld\/#breadcrumb\",\"itemListElement\":[{\"@type\":\"ListItem\",\"position\":1,\"name\":\"Home\",\"item\":\"https:\/\/bc-maasrhein.eu\/\"},{\"@type\":\"ListItem\",\"position\":2,\"name\":\"Euregionale Masterclass op 25 september: Bent u al aangemeld?\"}]},{\"@type\":\"WebSite\",\"@id\":\"https:\/\/bc-maasrhein.eu\/#website\",\"url\":\"https:\/\/bc-maasrhein.eu\/\",\"name\":\"BC Maas Rhein\",\"description\":\"\",\"potentialAction\":[{\"@type\":\"SearchAction\",\"target\":{\"@type\":\"EntryPoint\",\"urlTemplate\":\"https:\/\/bc-maasrhein.eu\/?s={search_term_string}\"},\"query-input\":{\"@type\":\"PropertyValueSpecification\",\"valueRequired\":true,\"valueName\":\"search_term_string\"}}],\"inLanguage\":\"de\"},{\"@type\":\"Person\",\"@id\":\"https:\/\/bc-maasrhein.eu\/#\/schema\/person\/6a8fc887c83b223dd0962d0770aaab7d\",\"name\":\"admin\",\"image\":{\"@type\":\"ImageObject\",\"inLanguage\":\"de\",\"@id\":\"https:\/\/secure.gravatar.com\/avatar\/3962a4a5701a3e18de2112317267cd8b06060bcc71fcd773e6d50256f459a8a5?s=96&d=mm&r=g\",\"url\":\"https:\/\/secure.gravatar.com\/avatar\/3962a4a5701a3e18de2112317267cd8b06060bcc71fcd773e6d50256f459a8a5?s=96&d=mm&r=g\",\"contentUrl\":\"https:\/\/secure.gravatar.com\/avatar\/3962a4a5701a3e18de2112317267cd8b06060bcc71fcd773e6d50256f459a8a5?s=96&d=mm&r=g\",\"caption\":\"admin\"},\"sameAs\":[\"https:\/\/bc-maasrhein.eu\"],\"url\":\"https:\/\/bc-maasrhein.eu\/de\/author\/admin\/\"}]}<\/script>\n<!-- \/ Yoast SEO plugin. -->","yoast_head_json":{"title":"Euregionale Masterclass op 25 september: Bent u al aangemeld? - BC Maas Rhein","robots":{"index":"index","follow":"follow","max-snippet":"max-snippet:-1","max-image-preview":"max-image-preview:large","max-video-preview":"max-video-preview:-1"},"canonical":"https:\/\/bc-maasrhein.eu\/de\/euregionale-masterclass-op-25-september-bent-u-al-aangemeld\/","og_locale":"de_DE","og_type":"article","og_title":"Euregionale Masterclass op 25 september: Bent u al aangemeld? - BC Maas Rhein","og_description":"Enkele maanden geleden heeft u een uitnodiging ontvangen voor de eerste euregionale masterclass op 25 september. Heeft u zich al aangemeld? Zo niet, wees er dan snel bij! Er zijn nog enkele plekken beschikbaar. Het programma start om 16 uur (ontvangst vanaf 15:45 uur) bij Fontys Venlo. Karin Straus, voormalig Tweede Kamerlid en Ambassadrice Euregionalisering [&hellip;]","og_url":"https:\/\/bc-maasrhein.eu\/de\/euregionale-masterclass-op-25-september-bent-u-al-aangemeld\/","og_site_name":"BC Maas Rhein","article_published_time":"2017-09-07T07:29:47+00:00","author":"admin","twitter_card":"summary_large_image","twitter_misc":{"Verfasst von":"admin","Gesch\u00e4tzte Lesezeit":"1\u00a0Minute"},"schema":{"@context":"https:\/\/schema.org","@graph":[{"@type":"Article","@id":"https:\/\/bc-maasrhein.eu\/euregionale-masterclass-op-25-september-bent-u-al-aangemeld\/#article","isPartOf":{"@id":"https:\/\/bc-maasrhein.eu\/euregionale-masterclass-op-25-september-bent-u-al-aangemeld\/"},"author":{"name":"admin","@id":"https:\/\/bc-maasrhein.eu\/#\/schema\/person\/6a8fc887c83b223dd0962d0770aaab7d"},"headline":"Euregionale Masterclass op 25 september: Bent u al aangemeld?","datePublished":"2017-09-07T07:29:47+00:00","mainEntityOfPage":{"@id":"https:\/\/bc-maasrhein.eu\/euregionale-masterclass-op-25-september-bent-u-al-aangemeld\/"},"wordCount":173,"commentCount":0,"inLanguage":"de","potentialAction":[{"@type":"CommentAction","name":"Comment","target":["https:\/\/bc-maasrhein.eu\/euregionale-masterclass-op-25-september-bent-u-al-aangemeld\/#respond"]}]},{"@type":"WebPage","@id":"https:\/\/bc-maasrhein.eu\/euregionale-masterclass-op-25-september-bent-u-al-aangemeld\/","url":"https:\/\/bc-maasrhein.eu\/euregionale-masterclass-op-25-september-bent-u-al-aangemeld\/","name":"Euregionale Masterclass op 25 september: Bent u al aangemeld? - BC Maas Rhein","isPartOf":{"@id":"https:\/\/bc-maasrhein.eu\/#website"},"datePublished":"2017-09-07T07:29:47+00:00","author":{"@id":"https:\/\/bc-maasrhein.eu\/#\/schema\/person\/6a8fc887c83b223dd0962d0770aaab7d"},"breadcrumb":{"@id":"https:\/\/bc-maasrhein.eu\/euregionale-masterclass-op-25-september-bent-u-al-aangemeld\/#breadcrumb"},"inLanguage":"de","potentialAction":[{"@type":"ReadAction","target":["https:\/\/bc-maasrhein.eu\/euregionale-masterclass-op-25-september-bent-u-al-aangemeld\/"]}]},{"@type":"BreadcrumbList","@id":"https:\/\/bc-maasrhein.eu\/euregionale-masterclass-op-25-september-bent-u-al-aangemeld\/#breadcrumb","itemListElement":[{"@type":"ListItem","position":1,"name":"Home","item":"https:\/\/bc-maasrhein.eu\/"},{"@type":"ListItem","position":2,"name":"Euregionale Masterclass op 25 september: Bent u al aangemeld?"}]},{"@type":"WebSite","@id":"https:\/\/bc-maasrhein.eu\/#website","url":"https:\/\/bc-maasrhein.eu\/","name":"BC Maas Rhein","description":"","potentialAction":[{"@type":"SearchAction","target":{"@type":"EntryPoint","urlTemplate":"https:\/\/bc-maasrhein.eu\/?s={search_term_string}"},"query-input":{"@type":"PropertyValueSpecification","valueRequired":true,"valueName":"search_term_string"}}],"inLanguage":"de"},{"@type":"Person","@id":"https:\/\/bc-maasrhein.eu\/#\/schema\/person\/6a8fc887c83b223dd0962d0770aaab7d","name":"Administrator","image":{"@type":"ImageObject","inLanguage":"de","@id":"https:\/\/secure.gravatar.com\/avatar\/3962a4a5701a3e18de2112317267cd8b06060bcc71fcd773e6d50256f459a8a5?s=96&d=mm&r=g","url":"https:\/\/secure.gravatar.com\/avatar\/3962a4a5701a3e18de2112317267cd8b06060bcc71fcd773e6d50256f459a8a5?s=96&d=mm&r=g","contentUrl":"https:\/\/secure.gravatar.com\/avatar\/3962a4a5701a3e18de2112317267cd8b06060bcc71fcd773e6d50256f459a8a5?s=96&d=mm&r=g","caption":"admin"},"sameAs":["https:\/\/bc-maasrhein.eu"],"url":"https:\/\/bc-maasrhein.eu\/de\/author\/admin\/"}]}},"_links":{"self":[{"href":"https:\/\/bc-maasrhein.eu\/de\/wp-json\/wp\/v2\/posts\/1594","targetHints":{"allow":["GET"]}}],"collection":[{"href":"https:\/\/bc-maasrhein.eu\/de\/wp-json\/wp\/v2\/posts"}],"about":[{"href":"https:\/\/bc-maasrhein.eu\/de\/wp-json\/wp\/v2\/types\/post"}],"author":[{"embeddable":true,"href":"https:\/\/bc-maasrhein.eu\/de\/wp-json\/wp\/v2\/users\/1"}],"replies":[{"embeddable":true,"href":"https:\/\/bc-maasrhein.eu\/de\/wp-json\/wp\/v2\/comments?post=1594"}],"version-history":[{"count":0,"href":"https:\/\/bc-maasrhein.eu\/de\/wp-json\/wp\/v2\/posts\/1594\/revisions"}],"wp:attachment":[{"href":"https:\/\/bc-maasrhein.eu\/de\/wp-json\/wp\/v2\/media?parent=1594"}],"wp:term":[{"taxonomy":"category","embeddable":true,"href":"https:\/\/bc-maasrhein.eu\/de\/wp-json\/wp\/v2\/categories?post=1594"},{"taxonomy":"post_tag","embeddable":true,"href":"https:\/\/bc-maasrhein.eu\/de\/wp-json\/wp\/v2\/tags?post=1594"}],"curies":[{"name":"Welt","href":"https:\/\/api.w.org\/{rel}","templated":true}]}}