{"id":1589,"date":"2017-06-12T07:12:11","date_gmt":"2017-06-12T05:12:11","guid":{"rendered":"https:\/\/bc-maasrhein.eu\/retail-lab-in-de-binnenstad-van-geldern\/"},"modified":"2017-06-12T07:12:11","modified_gmt":"2017-06-12T05:12:11","slug":"retail-lab-in-de-binnenstad-van-geldern","status":"publish","type":"post","link":"https:\/\/bc-maasrhein.eu\/de\/retail-lab-in-de-binnenstad-van-geldern\/","title":{"rendered":"Einzelhandelslabor in der Innenstadt von Geldern"},"content":{"rendered":"<p>Unser Mitglied Gelderner Gr\u00fcnderzentrum hat uns auf folgendes Projekt aufmerksam gemacht:<\/p>\n<p>You have a business idea and want to become self-employed? But you lacked the courage so far because the risk seems too high and you are unsure if your business idea will work?<br \/>\nDann probieren Sie Ihre Gesch\u00e4ftsidee doch in der Gelderner Innenstadt aus \u2013 in unserem Ausprobier-Gesch\u00e4ft!<br \/>\nWir stellen Ihnen zeitlich befristet ein Ladenlokal zur Verf\u00fcgung, in dem Sie sofort loslegen k\u00f6nnen und das mit einem reduzierten Investitionsaufwand und ohne einen langfristigen Mietvertrag abschlie\u00dfen zu m\u00fcssen. Ein Netzwerk aus Experten unterst\u00fctzt Sie dabei.<br \/>\nWir bieten Ihnen:<br \/>\nein Gesch\u00e4ftslokal, in dem Sie Ihre Gesch\u00e4ftsidee ausprobieren k\u00f6nnen<br \/>\nflexible Mietvertr\u00e4ge<br \/>\no ein umfassendes Beratungsangebot durch Experten<br \/>\no ein Netzwerk von Unterst\u00fctzern<\/p>\n<p>Weitere Informationen finden Sie unter: https:\/\/www.gruenderzentrum-geldern.de\/deutsch\/retail-lab\/<br \/>\nHolen Sie sich die Teilnahmeunterlagen und schicken diese bis zum 10. Juli 2017 an die Niederrheinische IHK oder die <a href=\"https:\/\/www.geldern.de\/de\/verwaltung\/wifoe-wirtschaftsfoerderung\/\">Wirtschaftsf\u00f6rderung Geldern<\/a>.<br \/>\nAus allen Einsendungen w\u00e4hlt eine Jury die Teilnehmer mit besonders aussichtsreichen Ideen f\u00fcr das Ausprobier-Gesch\u00e4ft aus. Dabei entscheidet die Jury nach freiem Ermessen. Auf eine gesonderte Begr\u00fcndung oder Rechtfertigung besteht kein Anspruch. Die Anmeldung ist kostenlos und erfolgt unverbindlich. Ausf\u00fchrliche Informationen erhalten Sie im Flyer und in den Teilnahmeunterlagen im Downloadbereich (Hinweis zum Teilnahmeformular: sollte die Formularfunktion nicht aktiviert sein, speichern Sie das Dokument zun\u00e4chst unter einem anderen Namen ab und \u00f6ffnen es erneut).<br \/>\nAuf den Seiten der IHK zum Thema <a href=\"https:\/\/www.ihk-niederrhein.de\/Unternehmensgruendung\">Unternehmensgr\u00fcndung<\/a> Erhalten Sie weitere Informationen f\u00fcr Existenzgr\u00fcnder.<\/p>","protected":false},"excerpt":{"rendered":"<p>Ons lid Gelderner Gr\u00fcnderzentrum heeft ons op het volgende project geattendeerd: Sie haben eine Gesch\u00e4ftsidee und m\u00f6chten sich selbstst\u00e4ndig machen? Aber Ihnen fehlte bisher der Mut, weil Ihnen das Risiko zu hoch erscheint und Sie unsicher sind, ob Ihre Gesch\u00e4ftsidee funktioniert? Dann probieren Sie Ihre Gesch\u00e4ftsidee doch in der Gelderner Innenstadt aus &#8211; in unserem [&hellip;]<\/p>\n","protected":false},"author":1,"featured_media":0,"comment_status":"open","ping_status":"open","sticky":false,"template":"","format":"standard","meta":{"_acf_changed":false,"footnotes":""},"categories":[],"tags":[],"class_list":["post-1589","post","type-post","status-publish","format-standard","hentry"],"acf":[],"yoast_head":"<!-- This site is optimized with the Yoast SEO plugin v27.2 - https:\/\/yoast.com\/product\/yoast-seo-wordpress\/ -->\n<title>Retail-Lab in de binnenstad van Geldern - BC Maas Rhein<\/title>\n<meta name=\"robots\" content=\"index, follow, max-snippet:-1, max-image-preview:large, max-video-preview:-1\" \/>\n<link rel=\"canonical\" href=\"https:\/\/bc-maasrhein.eu\/de\/retail-lab-in-de-binnenstad-van-geldern\/\" \/>\n<meta property=\"og:locale\" content=\"de_DE\" \/>\n<meta property=\"og:type\" content=\"article\" \/>\n<meta property=\"og:title\" content=\"Retail-Lab in de binnenstad van Geldern - BC Maas Rhein\" \/>\n<meta property=\"og:description\" content=\"Ons lid Gelderner Gr\u00fcnderzentrum heeft ons op het volgende project geattendeerd: Sie haben eine Gesch\u00e4ftsidee und m\u00f6chten sich selbstst\u00e4ndig machen? Aber Ihnen fehlte bisher der Mut, weil Ihnen das Risiko zu hoch erscheint und Sie unsicher sind, ob Ihre Gesch\u00e4ftsidee funktioniert? Dann probieren Sie Ihre Gesch\u00e4ftsidee doch in der Gelderner Innenstadt aus &#8211; in unserem [&hellip;]\" \/>\n<meta property=\"og:url\" content=\"https:\/\/bc-maasrhein.eu\/de\/retail-lab-in-de-binnenstad-van-geldern\/\" \/>\n<meta property=\"og:site_name\" content=\"BC Maas Rhein\" \/>\n<meta property=\"article:published_time\" content=\"2017-06-12T05:12:11+00:00\" \/>\n<meta name=\"author\" content=\"admin\" \/>\n<meta name=\"twitter:card\" content=\"summary_large_image\" \/>\n<meta name=\"twitter:label1\" content=\"Verfasst von\" \/>\n\t<meta name=\"twitter:data1\" content=\"admin\" \/>\n\t<meta name=\"twitter:label2\" content=\"Gesch\u00e4tzte Lesezeit\" \/>\n\t<meta name=\"twitter:data2\" content=\"1\u00a0Minute\" \/>\n<script type=\"application\/ld+json\" class=\"yoast-schema-graph\">{\"@context\":\"https:\/\/schema.org\",\"@graph\":[{\"@type\":\"Article\",\"@id\":\"https:\/\/bc-maasrhein.eu\/retail-lab-in-de-binnenstad-van-geldern\/#article\",\"isPartOf\":{\"@id\":\"https:\/\/bc-maasrhein.eu\/retail-lab-in-de-binnenstad-van-geldern\/\"},\"author\":{\"name\":\"admin\",\"@id\":\"https:\/\/bc-maasrhein.eu\/#\/schema\/person\/6a8fc887c83b223dd0962d0770aaab7d\"},\"headline\":\"Retail-Lab in de binnenstad van Geldern\",\"datePublished\":\"2017-06-12T05:12:11+00:00\",\"mainEntityOfPage\":{\"@id\":\"https:\/\/bc-maasrhein.eu\/retail-lab-in-de-binnenstad-van-geldern\/\"},\"wordCount\":270,\"commentCount\":0,\"inLanguage\":\"de\",\"potentialAction\":[{\"@type\":\"CommentAction\",\"name\":\"Comment\",\"target\":[\"https:\/\/bc-maasrhein.eu\/retail-lab-in-de-binnenstad-van-geldern\/#respond\"]}]},{\"@type\":\"WebPage\",\"@id\":\"https:\/\/bc-maasrhein.eu\/retail-lab-in-de-binnenstad-van-geldern\/\",\"url\":\"https:\/\/bc-maasrhein.eu\/retail-lab-in-de-binnenstad-van-geldern\/\",\"name\":\"Retail-Lab in de binnenstad van Geldern - BC Maas Rhein\",\"isPartOf\":{\"@id\":\"https:\/\/bc-maasrhein.eu\/#website\"},\"datePublished\":\"2017-06-12T05:12:11+00:00\",\"author\":{\"@id\":\"https:\/\/bc-maasrhein.eu\/#\/schema\/person\/6a8fc887c83b223dd0962d0770aaab7d\"},\"breadcrumb\":{\"@id\":\"https:\/\/bc-maasrhein.eu\/retail-lab-in-de-binnenstad-van-geldern\/#breadcrumb\"},\"inLanguage\":\"de\",\"potentialAction\":[{\"@type\":\"ReadAction\",\"target\":[\"https:\/\/bc-maasrhein.eu\/retail-lab-in-de-binnenstad-van-geldern\/\"]}]},{\"@type\":\"BreadcrumbList\",\"@id\":\"https:\/\/bc-maasrhein.eu\/retail-lab-in-de-binnenstad-van-geldern\/#breadcrumb\",\"itemListElement\":[{\"@type\":\"ListItem\",\"position\":1,\"name\":\"Home\",\"item\":\"https:\/\/bc-maasrhein.eu\/\"},{\"@type\":\"ListItem\",\"position\":2,\"name\":\"Retail-Lab in de binnenstad van Geldern\"}]},{\"@type\":\"WebSite\",\"@id\":\"https:\/\/bc-maasrhein.eu\/#website\",\"url\":\"https:\/\/bc-maasrhein.eu\/\",\"name\":\"BC Maas Rhein\",\"description\":\"\",\"potentialAction\":[{\"@type\":\"SearchAction\",\"target\":{\"@type\":\"EntryPoint\",\"urlTemplate\":\"https:\/\/bc-maasrhein.eu\/?s={search_term_string}\"},\"query-input\":{\"@type\":\"PropertyValueSpecification\",\"valueRequired\":true,\"valueName\":\"search_term_string\"}}],\"inLanguage\":\"de\"},{\"@type\":\"Person\",\"@id\":\"https:\/\/bc-maasrhein.eu\/#\/schema\/person\/6a8fc887c83b223dd0962d0770aaab7d\",\"name\":\"admin\",\"image\":{\"@type\":\"ImageObject\",\"inLanguage\":\"de\",\"@id\":\"https:\/\/secure.gravatar.com\/avatar\/3962a4a5701a3e18de2112317267cd8b06060bcc71fcd773e6d50256f459a8a5?s=96&d=mm&r=g\",\"url\":\"https:\/\/secure.gravatar.com\/avatar\/3962a4a5701a3e18de2112317267cd8b06060bcc71fcd773e6d50256f459a8a5?s=96&d=mm&r=g\",\"contentUrl\":\"https:\/\/secure.gravatar.com\/avatar\/3962a4a5701a3e18de2112317267cd8b06060bcc71fcd773e6d50256f459a8a5?s=96&d=mm&r=g\",\"caption\":\"admin\"},\"sameAs\":[\"https:\/\/bc-maasrhein.eu\"],\"url\":\"https:\/\/bc-maasrhein.eu\/de\/author\/admin\/\"}]}<\/script>\n<!-- \/ Yoast SEO plugin. -->","yoast_head_json":{"title":"Retail-Lab in de binnenstad van Geldern - BC Maas Rhein","robots":{"index":"index","follow":"follow","max-snippet":"max-snippet:-1","max-image-preview":"max-image-preview:large","max-video-preview":"max-video-preview:-1"},"canonical":"https:\/\/bc-maasrhein.eu\/de\/retail-lab-in-de-binnenstad-van-geldern\/","og_locale":"de_DE","og_type":"article","og_title":"Retail-Lab in de binnenstad van Geldern - BC Maas Rhein","og_description":"Ons lid Gelderner Gr\u00fcnderzentrum heeft ons op het volgende project geattendeerd: Sie haben eine Gesch\u00e4ftsidee und m\u00f6chten sich selbstst\u00e4ndig machen? Aber Ihnen fehlte bisher der Mut, weil Ihnen das Risiko zu hoch erscheint und Sie unsicher sind, ob Ihre Gesch\u00e4ftsidee funktioniert? Dann probieren Sie Ihre Gesch\u00e4ftsidee doch in der Gelderner Innenstadt aus &#8211; in unserem [&hellip;]","og_url":"https:\/\/bc-maasrhein.eu\/de\/retail-lab-in-de-binnenstad-van-geldern\/","og_site_name":"BC Maas Rhein","article_published_time":"2017-06-12T05:12:11+00:00","author":"admin","twitter_card":"summary_large_image","twitter_misc":{"Verfasst von":"admin","Gesch\u00e4tzte Lesezeit":"1\u00a0Minute"},"schema":{"@context":"https:\/\/schema.org","@graph":[{"@type":"Article","@id":"https:\/\/bc-maasrhein.eu\/retail-lab-in-de-binnenstad-van-geldern\/#article","isPartOf":{"@id":"https:\/\/bc-maasrhein.eu\/retail-lab-in-de-binnenstad-van-geldern\/"},"author":{"name":"admin","@id":"https:\/\/bc-maasrhein.eu\/#\/schema\/person\/6a8fc887c83b223dd0962d0770aaab7d"},"headline":"Retail-Lab in de binnenstad van Geldern","datePublished":"2017-06-12T05:12:11+00:00","mainEntityOfPage":{"@id":"https:\/\/bc-maasrhein.eu\/retail-lab-in-de-binnenstad-van-geldern\/"},"wordCount":270,"commentCount":0,"inLanguage":"de","potentialAction":[{"@type":"CommentAction","name":"Comment","target":["https:\/\/bc-maasrhein.eu\/retail-lab-in-de-binnenstad-van-geldern\/#respond"]}]},{"@type":"WebPage","@id":"https:\/\/bc-maasrhein.eu\/retail-lab-in-de-binnenstad-van-geldern\/","url":"https:\/\/bc-maasrhein.eu\/retail-lab-in-de-binnenstad-van-geldern\/","name":"Retail-Lab in de binnenstad van Geldern - BC Maas Rhein","isPartOf":{"@id":"https:\/\/bc-maasrhein.eu\/#website"},"datePublished":"2017-06-12T05:12:11+00:00","author":{"@id":"https:\/\/bc-maasrhein.eu\/#\/schema\/person\/6a8fc887c83b223dd0962d0770aaab7d"},"breadcrumb":{"@id":"https:\/\/bc-maasrhein.eu\/retail-lab-in-de-binnenstad-van-geldern\/#breadcrumb"},"inLanguage":"de","potentialAction":[{"@type":"ReadAction","target":["https:\/\/bc-maasrhein.eu\/retail-lab-in-de-binnenstad-van-geldern\/"]}]},{"@type":"BreadcrumbList","@id":"https:\/\/bc-maasrhein.eu\/retail-lab-in-de-binnenstad-van-geldern\/#breadcrumb","itemListElement":[{"@type":"ListItem","position":1,"name":"Home","item":"https:\/\/bc-maasrhein.eu\/"},{"@type":"ListItem","position":2,"name":"Retail-Lab in de binnenstad van Geldern"}]},{"@type":"WebSite","@id":"https:\/\/bc-maasrhein.eu\/#website","url":"https:\/\/bc-maasrhein.eu\/","name":"BC Maas Rhein","description":"","potentialAction":[{"@type":"SearchAction","target":{"@type":"EntryPoint","urlTemplate":"https:\/\/bc-maasrhein.eu\/?s={search_term_string}"},"query-input":{"@type":"PropertyValueSpecification","valueRequired":true,"valueName":"search_term_string"}}],"inLanguage":"de"},{"@type":"Person","@id":"https:\/\/bc-maasrhein.eu\/#\/schema\/person\/6a8fc887c83b223dd0962d0770aaab7d","name":"Administrator","image":{"@type":"ImageObject","inLanguage":"de","@id":"https:\/\/secure.gravatar.com\/avatar\/3962a4a5701a3e18de2112317267cd8b06060bcc71fcd773e6d50256f459a8a5?s=96&d=mm&r=g","url":"https:\/\/secure.gravatar.com\/avatar\/3962a4a5701a3e18de2112317267cd8b06060bcc71fcd773e6d50256f459a8a5?s=96&d=mm&r=g","contentUrl":"https:\/\/secure.gravatar.com\/avatar\/3962a4a5701a3e18de2112317267cd8b06060bcc71fcd773e6d50256f459a8a5?s=96&d=mm&r=g","caption":"admin"},"sameAs":["https:\/\/bc-maasrhein.eu"],"url":"https:\/\/bc-maasrhein.eu\/de\/author\/admin\/"}]}},"_links":{"self":[{"href":"https:\/\/bc-maasrhein.eu\/de\/wp-json\/wp\/v2\/posts\/1589","targetHints":{"allow":["GET"]}}],"collection":[{"href":"https:\/\/bc-maasrhein.eu\/de\/wp-json\/wp\/v2\/posts"}],"about":[{"href":"https:\/\/bc-maasrhein.eu\/de\/wp-json\/wp\/v2\/types\/post"}],"author":[{"embeddable":true,"href":"https:\/\/bc-maasrhein.eu\/de\/wp-json\/wp\/v2\/users\/1"}],"replies":[{"embeddable":true,"href":"https:\/\/bc-maasrhein.eu\/de\/wp-json\/wp\/v2\/comments?post=1589"}],"version-history":[{"count":0,"href":"https:\/\/bc-maasrhein.eu\/de\/wp-json\/wp\/v2\/posts\/1589\/revisions"}],"wp:attachment":[{"href":"https:\/\/bc-maasrhein.eu\/de\/wp-json\/wp\/v2\/media?parent=1589"}],"wp:term":[{"taxonomy":"category","embeddable":true,"href":"https:\/\/bc-maasrhein.eu\/de\/wp-json\/wp\/v2\/categories?post=1589"},{"taxonomy":"post_tag","embeddable":true,"href":"https:\/\/bc-maasrhein.eu\/de\/wp-json\/wp\/v2\/tags?post=1589"}],"curies":[{"name":"Welt","href":"https:\/\/api.w.org\/{rel}","templated":true}]}}