{"id":1560,"date":"2016-06-23T06:51:07","date_gmt":"2016-06-23T04:51:07","guid":{"rendered":"https:\/\/bc-maasrhein.eu\/29-juni-grensoverschrijdende-arbeitsmarkt-conferentie-betreffende-de-branche-logistiek\/"},"modified":"2016-06-23T06:51:07","modified_gmt":"2016-06-23T04:51:07","slug":"29-juni-grensoverschrijdende-arbeitsmarkt-conferentie-betreffende-de-branche-logistiek","status":"publish","type":"post","link":"https:\/\/bc-maasrhein.eu\/de\/29-juni-grensoverschrijdende-arbeitsmarkt-conferentie-betreffende-de-branche-logistiek\/","title":{"rendered":"29. Juni: Grenz\u00fcberschreitende Arbeitsmarktkonferenz bez\u00fcglich der Logistikbranche"},"content":{"rendered":"<p>Die Logistikbranche in der niederl\u00e4ndisch-deutschen Grenzregion hat sich in den letzten Jahren zu einem Motor der Wirtschaft entwickelt. Diese Entwicklung bringt nat\u00fcrlich auch Spannungen in Bezug auf Qualit\u00e4t, Quantit\u00e4t und Flexibilit\u00e4t von Personal mit sich. Wie stehen wir in dieser Region da? Welche M\u00f6glichkeiten gibt es? Um den Bedarf an qualifiziertem Personal zu decken, ist es wichtig, f\u00fcr Transparenz und einen aktiven Informationsaustausch zwischen verschiedenen Parteien in diesem Arbeitsbereich zu sorgen. Vor diesem Hintergrund laden wir Sie zu einer grenz\u00fcberschreitenden Arbeitsmarktkonferenz ein:\u00a0<a href=\"https:\/\/www.bc-maasrhein.eu\/wp-content\/uploads\/2014\/10\/Agenda-grensoverschrijdende-arbeidsmarktconferentie_Logistiek.docx\" rel=\"\">Tagesordnung grenz\u00fcberschreitende Arbeitsmarktkonferenz_Logistik<\/a> <a href=\"https:\/\/www.bc-maasrhein.eu\/wp-content\/uploads\/2014\/10\/Uitnodiging-Arbeidsmarkt-Conferentie-Logistiek-2.pdf\" rel=\"\">Einladung Arbeitsmarktkongress Logistik (2)<\/a><\/p>\n<p>Organisation: Arbeitsagenturen Viersen Krefeld und UWV Nord- und Mittel-Limburg<br \/>\nWo: Hotel Grefrather Hof, Am Waldrand 1-3, 47929 Grefrath (DE)<br \/>\nWann: 29. Juni 2016, Beginn 13:00 Uhr<br \/>\nEine Anmeldung ist noch bis zum 26. Juni unter Grenswerk.nml@uwv.nl m\u00f6glich.<\/p>","protected":false},"excerpt":{"rendered":"<p>De logistiekbranche in de Nederlands-Duitse grensregio heeft zich de laatste jaren ontwikkeld tot een motor van de economie. Deze ontwikkeling brengt natuurlijk ook spanningen met zich mee op het gebied van kwaliteit, kwantiteit en flexibiliteit van personeel. Hoe staan we er in deze regio voor? Welke mogelijkheden zijn er? Om aan de vraag naar gekwalificeerd [&hellip;]<\/p>\n","protected":false},"author":1,"featured_media":0,"comment_status":"open","ping_status":"open","sticky":false,"template":"","format":"standard","meta":{"_acf_changed":false,"footnotes":""},"categories":[],"tags":[],"class_list":["post-1560","post","type-post","status-publish","format-standard","hentry"],"acf":[],"yoast_head":"<!-- This site is optimized with the Yoast SEO plugin v27.2 - https:\/\/yoast.com\/product\/yoast-seo-wordpress\/ -->\n<title>29 juni: Grensoverschrijdende Arbeitsmarkt Conferentie betreffende de branche logistiek - BC Maas Rhein<\/title>\n<meta name=\"robots\" content=\"index, follow, max-snippet:-1, max-image-preview:large, max-video-preview:-1\" \/>\n<link rel=\"canonical\" href=\"https:\/\/bc-maasrhein.eu\/de\/29-juni-grensoverschrijdende-arbeitsmarkt-conferentie-betreffende-de-branche-logistiek\/\" \/>\n<meta property=\"og:locale\" content=\"de_DE\" \/>\n<meta property=\"og:type\" content=\"article\" \/>\n<meta property=\"og:title\" content=\"29 juni: Grensoverschrijdende Arbeitsmarkt Conferentie betreffende de branche logistiek - BC Maas Rhein\" \/>\n<meta property=\"og:description\" content=\"De logistiekbranche in de Nederlands-Duitse grensregio heeft zich de laatste jaren ontwikkeld tot een motor van de economie. Deze ontwikkeling brengt natuurlijk ook spanningen met zich mee op het gebied van kwaliteit, kwantiteit en flexibiliteit van personeel. Hoe staan we er in deze regio voor? Welke mogelijkheden zijn er? Om aan de vraag naar gekwalificeerd [&hellip;]\" \/>\n<meta property=\"og:url\" content=\"https:\/\/bc-maasrhein.eu\/de\/29-juni-grensoverschrijdende-arbeitsmarkt-conferentie-betreffende-de-branche-logistiek\/\" \/>\n<meta property=\"og:site_name\" content=\"BC Maas Rhein\" \/>\n<meta property=\"article:published_time\" content=\"2016-06-23T04:51:07+00:00\" \/>\n<meta name=\"author\" content=\"admin\" \/>\n<meta name=\"twitter:card\" content=\"summary_large_image\" \/>\n<meta name=\"twitter:label1\" content=\"Verfasst von\" \/>\n\t<meta name=\"twitter:data1\" content=\"admin\" \/>\n\t<meta name=\"twitter:label2\" content=\"Gesch\u00e4tzte Lesezeit\" \/>\n\t<meta name=\"twitter:data2\" content=\"1\u00a0Minute\" \/>\n<script type=\"application\/ld+json\" class=\"yoast-schema-graph\">{\"@context\":\"https:\/\/schema.org\",\"@graph\":[{\"@type\":\"Article\",\"@id\":\"https:\/\/bc-maasrhein.eu\/29-juni-grensoverschrijdende-arbeitsmarkt-conferentie-betreffende-de-branche-logistiek\/#article\",\"isPartOf\":{\"@id\":\"https:\/\/bc-maasrhein.eu\/29-juni-grensoverschrijdende-arbeitsmarkt-conferentie-betreffende-de-branche-logistiek\/\"},\"author\":{\"name\":\"admin\",\"@id\":\"https:\/\/bc-maasrhein.eu\/#\/schema\/person\/6a8fc887c83b223dd0962d0770aaab7d\"},\"headline\":\"29 juni: Grensoverschrijdende Arbeitsmarkt Conferentie betreffende de branche logistiek\",\"datePublished\":\"2016-06-23T04:51:07+00:00\",\"mainEntityOfPage\":{\"@id\":\"https:\/\/bc-maasrhein.eu\/29-juni-grensoverschrijdende-arbeitsmarkt-conferentie-betreffende-de-branche-logistiek\/\"},\"wordCount\":139,\"commentCount\":0,\"inLanguage\":\"de\",\"potentialAction\":[{\"@type\":\"CommentAction\",\"name\":\"Comment\",\"target\":[\"https:\/\/bc-maasrhein.eu\/29-juni-grensoverschrijdende-arbeitsmarkt-conferentie-betreffende-de-branche-logistiek\/#respond\"]}]},{\"@type\":\"WebPage\",\"@id\":\"https:\/\/bc-maasrhein.eu\/29-juni-grensoverschrijdende-arbeitsmarkt-conferentie-betreffende-de-branche-logistiek\/\",\"url\":\"https:\/\/bc-maasrhein.eu\/29-juni-grensoverschrijdende-arbeitsmarkt-conferentie-betreffende-de-branche-logistiek\/\",\"name\":\"29 juni: Grensoverschrijdende Arbeitsmarkt Conferentie betreffende de branche logistiek - BC Maas Rhein\",\"isPartOf\":{\"@id\":\"https:\/\/bc-maasrhein.eu\/#website\"},\"datePublished\":\"2016-06-23T04:51:07+00:00\",\"author\":{\"@id\":\"https:\/\/bc-maasrhein.eu\/#\/schema\/person\/6a8fc887c83b223dd0962d0770aaab7d\"},\"breadcrumb\":{\"@id\":\"https:\/\/bc-maasrhein.eu\/29-juni-grensoverschrijdende-arbeitsmarkt-conferentie-betreffende-de-branche-logistiek\/#breadcrumb\"},\"inLanguage\":\"de\",\"potentialAction\":[{\"@type\":\"ReadAction\",\"target\":[\"https:\/\/bc-maasrhein.eu\/29-juni-grensoverschrijdende-arbeitsmarkt-conferentie-betreffende-de-branche-logistiek\/\"]}]},{\"@type\":\"BreadcrumbList\",\"@id\":\"https:\/\/bc-maasrhein.eu\/29-juni-grensoverschrijdende-arbeitsmarkt-conferentie-betreffende-de-branche-logistiek\/#breadcrumb\",\"itemListElement\":[{\"@type\":\"ListItem\",\"position\":1,\"name\":\"Home\",\"item\":\"https:\/\/bc-maasrhein.eu\/\"},{\"@type\":\"ListItem\",\"position\":2,\"name\":\"29 juni: Grensoverschrijdende Arbeitsmarkt Conferentie betreffende de branche logistiek\"}]},{\"@type\":\"WebSite\",\"@id\":\"https:\/\/bc-maasrhein.eu\/#website\",\"url\":\"https:\/\/bc-maasrhein.eu\/\",\"name\":\"BC Maas Rhein\",\"description\":\"\",\"potentialAction\":[{\"@type\":\"SearchAction\",\"target\":{\"@type\":\"EntryPoint\",\"urlTemplate\":\"https:\/\/bc-maasrhein.eu\/?s={search_term_string}\"},\"query-input\":{\"@type\":\"PropertyValueSpecification\",\"valueRequired\":true,\"valueName\":\"search_term_string\"}}],\"inLanguage\":\"de\"},{\"@type\":\"Person\",\"@id\":\"https:\/\/bc-maasrhein.eu\/#\/schema\/person\/6a8fc887c83b223dd0962d0770aaab7d\",\"name\":\"admin\",\"image\":{\"@type\":\"ImageObject\",\"inLanguage\":\"de\",\"@id\":\"https:\/\/secure.gravatar.com\/avatar\/3962a4a5701a3e18de2112317267cd8b06060bcc71fcd773e6d50256f459a8a5?s=96&d=mm&r=g\",\"url\":\"https:\/\/secure.gravatar.com\/avatar\/3962a4a5701a3e18de2112317267cd8b06060bcc71fcd773e6d50256f459a8a5?s=96&d=mm&r=g\",\"contentUrl\":\"https:\/\/secure.gravatar.com\/avatar\/3962a4a5701a3e18de2112317267cd8b06060bcc71fcd773e6d50256f459a8a5?s=96&d=mm&r=g\",\"caption\":\"admin\"},\"sameAs\":[\"https:\/\/bc-maasrhein.eu\"],\"url\":\"https:\/\/bc-maasrhein.eu\/de\/author\/admin\/\"}]}<\/script>\n<!-- \/ Yoast SEO plugin. -->","yoast_head_json":{"title":"29 juni: Grensoverschrijdende Arbeitsmarkt Conferentie betreffende de branche logistiek - BC Maas Rhein","robots":{"index":"index","follow":"follow","max-snippet":"max-snippet:-1","max-image-preview":"max-image-preview:large","max-video-preview":"max-video-preview:-1"},"canonical":"https:\/\/bc-maasrhein.eu\/de\/29-juni-grensoverschrijdende-arbeitsmarkt-conferentie-betreffende-de-branche-logistiek\/","og_locale":"de_DE","og_type":"article","og_title":"29 juni: Grensoverschrijdende Arbeitsmarkt Conferentie betreffende de branche logistiek - BC Maas Rhein","og_description":"De logistiekbranche in de Nederlands-Duitse grensregio heeft zich de laatste jaren ontwikkeld tot een motor van de economie. Deze ontwikkeling brengt natuurlijk ook spanningen met zich mee op het gebied van kwaliteit, kwantiteit en flexibiliteit van personeel. Hoe staan we er in deze regio voor? Welke mogelijkheden zijn er? Om aan de vraag naar gekwalificeerd [&hellip;]","og_url":"https:\/\/bc-maasrhein.eu\/de\/29-juni-grensoverschrijdende-arbeitsmarkt-conferentie-betreffende-de-branche-logistiek\/","og_site_name":"BC Maas Rhein","article_published_time":"2016-06-23T04:51:07+00:00","author":"admin","twitter_card":"summary_large_image","twitter_misc":{"Verfasst von":"admin","Gesch\u00e4tzte Lesezeit":"1\u00a0Minute"},"schema":{"@context":"https:\/\/schema.org","@graph":[{"@type":"Article","@id":"https:\/\/bc-maasrhein.eu\/29-juni-grensoverschrijdende-arbeitsmarkt-conferentie-betreffende-de-branche-logistiek\/#article","isPartOf":{"@id":"https:\/\/bc-maasrhein.eu\/29-juni-grensoverschrijdende-arbeitsmarkt-conferentie-betreffende-de-branche-logistiek\/"},"author":{"name":"admin","@id":"https:\/\/bc-maasrhein.eu\/#\/schema\/person\/6a8fc887c83b223dd0962d0770aaab7d"},"headline":"29 juni: Grensoverschrijdende Arbeitsmarkt Conferentie betreffende de branche logistiek","datePublished":"2016-06-23T04:51:07+00:00","mainEntityOfPage":{"@id":"https:\/\/bc-maasrhein.eu\/29-juni-grensoverschrijdende-arbeitsmarkt-conferentie-betreffende-de-branche-logistiek\/"},"wordCount":139,"commentCount":0,"inLanguage":"de","potentialAction":[{"@type":"CommentAction","name":"Comment","target":["https:\/\/bc-maasrhein.eu\/29-juni-grensoverschrijdende-arbeitsmarkt-conferentie-betreffende-de-branche-logistiek\/#respond"]}]},{"@type":"WebPage","@id":"https:\/\/bc-maasrhein.eu\/29-juni-grensoverschrijdende-arbeitsmarkt-conferentie-betreffende-de-branche-logistiek\/","url":"https:\/\/bc-maasrhein.eu\/29-juni-grensoverschrijdende-arbeitsmarkt-conferentie-betreffende-de-branche-logistiek\/","name":"29 juni: Grensoverschrijdende Arbeitsmarkt Conferentie betreffende de branche logistiek - BC Maas Rhein","isPartOf":{"@id":"https:\/\/bc-maasrhein.eu\/#website"},"datePublished":"2016-06-23T04:51:07+00:00","author":{"@id":"https:\/\/bc-maasrhein.eu\/#\/schema\/person\/6a8fc887c83b223dd0962d0770aaab7d"},"breadcrumb":{"@id":"https:\/\/bc-maasrhein.eu\/29-juni-grensoverschrijdende-arbeitsmarkt-conferentie-betreffende-de-branche-logistiek\/#breadcrumb"},"inLanguage":"de","potentialAction":[{"@type":"ReadAction","target":["https:\/\/bc-maasrhein.eu\/29-juni-grensoverschrijdende-arbeitsmarkt-conferentie-betreffende-de-branche-logistiek\/"]}]},{"@type":"BreadcrumbList","@id":"https:\/\/bc-maasrhein.eu\/29-juni-grensoverschrijdende-arbeitsmarkt-conferentie-betreffende-de-branche-logistiek\/#breadcrumb","itemListElement":[{"@type":"ListItem","position":1,"name":"Home","item":"https:\/\/bc-maasrhein.eu\/"},{"@type":"ListItem","position":2,"name":"29 juni: Grensoverschrijdende Arbeitsmarkt Conferentie betreffende de branche logistiek"}]},{"@type":"WebSite","@id":"https:\/\/bc-maasrhein.eu\/#website","url":"https:\/\/bc-maasrhein.eu\/","name":"BC Maas Rhein","description":"","potentialAction":[{"@type":"SearchAction","target":{"@type":"EntryPoint","urlTemplate":"https:\/\/bc-maasrhein.eu\/?s={search_term_string}"},"query-input":{"@type":"PropertyValueSpecification","valueRequired":true,"valueName":"search_term_string"}}],"inLanguage":"de"},{"@type":"Person","@id":"https:\/\/bc-maasrhein.eu\/#\/schema\/person\/6a8fc887c83b223dd0962d0770aaab7d","name":"Administrator","image":{"@type":"ImageObject","inLanguage":"de","@id":"https:\/\/secure.gravatar.com\/avatar\/3962a4a5701a3e18de2112317267cd8b06060bcc71fcd773e6d50256f459a8a5?s=96&d=mm&r=g","url":"https:\/\/secure.gravatar.com\/avatar\/3962a4a5701a3e18de2112317267cd8b06060bcc71fcd773e6d50256f459a8a5?s=96&d=mm&r=g","contentUrl":"https:\/\/secure.gravatar.com\/avatar\/3962a4a5701a3e18de2112317267cd8b06060bcc71fcd773e6d50256f459a8a5?s=96&d=mm&r=g","caption":"admin"},"sameAs":["https:\/\/bc-maasrhein.eu"],"url":"https:\/\/bc-maasrhein.eu\/de\/author\/admin\/"}]}},"_links":{"self":[{"href":"https:\/\/bc-maasrhein.eu\/de\/wp-json\/wp\/v2\/posts\/1560","targetHints":{"allow":["GET"]}}],"collection":[{"href":"https:\/\/bc-maasrhein.eu\/de\/wp-json\/wp\/v2\/posts"}],"about":[{"href":"https:\/\/bc-maasrhein.eu\/de\/wp-json\/wp\/v2\/types\/post"}],"author":[{"embeddable":true,"href":"https:\/\/bc-maasrhein.eu\/de\/wp-json\/wp\/v2\/users\/1"}],"replies":[{"embeddable":true,"href":"https:\/\/bc-maasrhein.eu\/de\/wp-json\/wp\/v2\/comments?post=1560"}],"version-history":[{"count":0,"href":"https:\/\/bc-maasrhein.eu\/de\/wp-json\/wp\/v2\/posts\/1560\/revisions"}],"wp:attachment":[{"href":"https:\/\/bc-maasrhein.eu\/de\/wp-json\/wp\/v2\/media?parent=1560"}],"wp:term":[{"taxonomy":"category","embeddable":true,"href":"https:\/\/bc-maasrhein.eu\/de\/wp-json\/wp\/v2\/categories?post=1560"},{"taxonomy":"post_tag","embeddable":true,"href":"https:\/\/bc-maasrhein.eu\/de\/wp-json\/wp\/v2\/tags?post=1560"}],"curies":[{"name":"Welt","href":"https:\/\/api.w.org\/{rel}","templated":true}]}}