{"id":1551,"date":"2016-03-22T10:32:36","date_gmt":"2016-03-22T09:32:36","guid":{"rendered":"https:\/\/bc-maasrhein.eu\/tokat-delegatie-heeft-caritas-werkstatten-niederrhein-in-duisburg-bezocht\/"},"modified":"2016-03-22T10:32:36","modified_gmt":"2016-03-22T09:32:36","slug":"tokat-delegatie-heeft-caritas-werkstatten-niederrhein-in-duisburg-bezocht","status":"publish","type":"post","link":"https:\/\/bc-maasrhein.eu\/de\/tokat-delegatie-heeft-caritas-werkstatten-niederrhein-in-duisburg-bezocht\/","title":{"rendered":"Tokio-Delegation besuchte Caritas-Werkst\u00e4tten Niederrhein in Duisburg"},"content":{"rendered":"<p>Am 9. M\u00e4rz&nbsp;besuchte eine Delegation aus dem t\u00fcrkischen Tokat (ein Bildungsdezernent, ein Schulrat, ein F\u00f6rderschul-Leiter und ein Doktorand aus der Regionalverwaltung) mit gro\u00dfem Interesse die Caritas Werkst\u00e4tten Niederrhein in Duisburg, um sich mit Informationen zu versorgen, die f\u00fcr den Aufbau einer Werkstatt f\u00fcr behinderte Menschen in der T\u00fcrkei notwendig sind.<\/p>\n<p>In der NRZ\/WAZ ist der folgende Beitrag dazu erschienen, der einen positiven Mosaikstein im Bild von Duisburg bildet:<br \/>\n<a href=\"http:\/\/www.derwesten.de\/staedte\/duisburg\/west\/pilotprojekt-fuer-die-ganze-tuerkei-aimp-id11638469.html\">http:\/\/www.derwesten.de\/staedte\/duisburg\/west\/pilotprojekt-fuer-die-ganze-tuerkei-aimp-id11638469.html<\/a><\/p>","protected":false},"excerpt":{"rendered":"<p>Am 9. M\u00e4rz&nbsp;besuchte eine Delegation aus dem t\u00fcrkischen Tokat (ein Bildungsdezernent, ein Schulrat, ein F\u00f6rderschul-Leiter und ein Doktorand aus der Regionalverwaltung) mit gro\u00dfem Interesse die Caritas Werkst\u00e4tten Niederrhein in Duisburg, um sich mit Informationen zu versorgen, die f\u00fcr den Aufbau einer Werkstatt f\u00fcr behinderte Menschen in der T\u00fcrkei notwendig sind. In der NRZ\/WAZ ist der [&hellip;]<\/p>\n","protected":false},"author":1,"featured_media":0,"comment_status":"open","ping_status":"open","sticky":false,"template":"","format":"standard","meta":{"_acf_changed":false,"footnotes":""},"categories":[],"tags":[],"class_list":["post-1551","post","type-post","status-publish","format-standard","hentry"],"acf":[],"yoast_head":"<!-- This site is optimized with the Yoast SEO plugin v27.2 - https:\/\/yoast.com\/product\/yoast-seo-wordpress\/ -->\n<title>Tokat-delegatie heeft Caritas Werkst\u00e4tten Niederrhein in Duisburg bezocht - BC Maas Rhein<\/title>\n<meta name=\"robots\" content=\"index, follow, max-snippet:-1, max-image-preview:large, max-video-preview:-1\" \/>\n<link rel=\"canonical\" href=\"https:\/\/bc-maasrhein.eu\/de\/tokat-delegatie-heeft-caritas-werkstatten-niederrhein-in-duisburg-bezocht\/\" \/>\n<meta property=\"og:locale\" content=\"de_DE\" \/>\n<meta property=\"og:type\" content=\"article\" \/>\n<meta property=\"og:title\" content=\"Tokat-delegatie heeft Caritas Werkst\u00e4tten Niederrhein in Duisburg bezocht - BC Maas Rhein\" \/>\n<meta property=\"og:description\" content=\"Am 9. M\u00e4rz&nbsp;besuchte eine Delegation aus dem t\u00fcrkischen Tokat (ein Bildungsdezernent, ein Schulrat, ein F\u00f6rderschul-Leiter und ein Doktorand aus der Regionalverwaltung) mit gro\u00dfem Interesse die Caritas Werkst\u00e4tten Niederrhein in Duisburg, um sich mit Informationen zu versorgen, die f\u00fcr den Aufbau einer Werkstatt f\u00fcr behinderte Menschen in der T\u00fcrkei notwendig sind. In der NRZ\/WAZ ist der [&hellip;]\" \/>\n<meta property=\"og:url\" content=\"https:\/\/bc-maasrhein.eu\/de\/tokat-delegatie-heeft-caritas-werkstatten-niederrhein-in-duisburg-bezocht\/\" \/>\n<meta property=\"og:site_name\" content=\"BC Maas Rhein\" \/>\n<meta property=\"article:published_time\" content=\"2016-03-22T09:32:36+00:00\" \/>\n<meta name=\"author\" content=\"admin\" \/>\n<meta name=\"twitter:card\" content=\"summary_large_image\" \/>\n<meta name=\"twitter:label1\" content=\"Verfasst von\" \/>\n\t<meta name=\"twitter:data1\" content=\"admin\" \/>\n<script type=\"application\/ld+json\" class=\"yoast-schema-graph\">{\"@context\":\"https:\/\/schema.org\",\"@graph\":[{\"@type\":\"Article\",\"@id\":\"https:\/\/bc-maasrhein.eu\/tokat-delegatie-heeft-caritas-werkstatten-niederrhein-in-duisburg-bezocht\/#article\",\"isPartOf\":{\"@id\":\"https:\/\/bc-maasrhein.eu\/tokat-delegatie-heeft-caritas-werkstatten-niederrhein-in-duisburg-bezocht\/\"},\"author\":{\"name\":\"admin\",\"@id\":\"https:\/\/bc-maasrhein.eu\/#\/schema\/person\/6a8fc887c83b223dd0962d0770aaab7d\"},\"headline\":\"Tokat-delegatie heeft Caritas Werkst\u00e4tten Niederrhein in Duisburg bezocht\",\"datePublished\":\"2016-03-22T09:32:36+00:00\",\"mainEntityOfPage\":{\"@id\":\"https:\/\/bc-maasrhein.eu\/tokat-delegatie-heeft-caritas-werkstatten-niederrhein-in-duisburg-bezocht\/\"},\"wordCount\":96,\"commentCount\":0,\"inLanguage\":\"de\",\"potentialAction\":[{\"@type\":\"CommentAction\",\"name\":\"Comment\",\"target\":[\"https:\/\/bc-maasrhein.eu\/tokat-delegatie-heeft-caritas-werkstatten-niederrhein-in-duisburg-bezocht\/#respond\"]}]},{\"@type\":\"WebPage\",\"@id\":\"https:\/\/bc-maasrhein.eu\/tokat-delegatie-heeft-caritas-werkstatten-niederrhein-in-duisburg-bezocht\/\",\"url\":\"https:\/\/bc-maasrhein.eu\/tokat-delegatie-heeft-caritas-werkstatten-niederrhein-in-duisburg-bezocht\/\",\"name\":\"Tokat-delegatie heeft Caritas Werkst\u00e4tten Niederrhein in Duisburg bezocht - BC Maas Rhein\",\"isPartOf\":{\"@id\":\"https:\/\/bc-maasrhein.eu\/#website\"},\"datePublished\":\"2016-03-22T09:32:36+00:00\",\"author\":{\"@id\":\"https:\/\/bc-maasrhein.eu\/#\/schema\/person\/6a8fc887c83b223dd0962d0770aaab7d\"},\"breadcrumb\":{\"@id\":\"https:\/\/bc-maasrhein.eu\/tokat-delegatie-heeft-caritas-werkstatten-niederrhein-in-duisburg-bezocht\/#breadcrumb\"},\"inLanguage\":\"de\",\"potentialAction\":[{\"@type\":\"ReadAction\",\"target\":[\"https:\/\/bc-maasrhein.eu\/tokat-delegatie-heeft-caritas-werkstatten-niederrhein-in-duisburg-bezocht\/\"]}]},{\"@type\":\"BreadcrumbList\",\"@id\":\"https:\/\/bc-maasrhein.eu\/tokat-delegatie-heeft-caritas-werkstatten-niederrhein-in-duisburg-bezocht\/#breadcrumb\",\"itemListElement\":[{\"@type\":\"ListItem\",\"position\":1,\"name\":\"Home\",\"item\":\"https:\/\/bc-maasrhein.eu\/\"},{\"@type\":\"ListItem\",\"position\":2,\"name\":\"Tokat-delegatie heeft Caritas Werkst\u00e4tten Niederrhein in Duisburg bezocht\"}]},{\"@type\":\"WebSite\",\"@id\":\"https:\/\/bc-maasrhein.eu\/#website\",\"url\":\"https:\/\/bc-maasrhein.eu\/\",\"name\":\"BC Maas Rhein\",\"description\":\"\",\"potentialAction\":[{\"@type\":\"SearchAction\",\"target\":{\"@type\":\"EntryPoint\",\"urlTemplate\":\"https:\/\/bc-maasrhein.eu\/?s={search_term_string}\"},\"query-input\":{\"@type\":\"PropertyValueSpecification\",\"valueRequired\":true,\"valueName\":\"search_term_string\"}}],\"inLanguage\":\"de\"},{\"@type\":\"Person\",\"@id\":\"https:\/\/bc-maasrhein.eu\/#\/schema\/person\/6a8fc887c83b223dd0962d0770aaab7d\",\"name\":\"admin\",\"image\":{\"@type\":\"ImageObject\",\"inLanguage\":\"de\",\"@id\":\"https:\/\/secure.gravatar.com\/avatar\/3962a4a5701a3e18de2112317267cd8b06060bcc71fcd773e6d50256f459a8a5?s=96&d=mm&r=g\",\"url\":\"https:\/\/secure.gravatar.com\/avatar\/3962a4a5701a3e18de2112317267cd8b06060bcc71fcd773e6d50256f459a8a5?s=96&d=mm&r=g\",\"contentUrl\":\"https:\/\/secure.gravatar.com\/avatar\/3962a4a5701a3e18de2112317267cd8b06060bcc71fcd773e6d50256f459a8a5?s=96&d=mm&r=g\",\"caption\":\"admin\"},\"sameAs\":[\"https:\/\/bc-maasrhein.eu\"],\"url\":\"https:\/\/bc-maasrhein.eu\/de\/author\/admin\/\"}]}<\/script>\n<!-- \/ Yoast SEO plugin. -->","yoast_head_json":{"title":"Tokat-delegatie heeft Caritas Werkst\u00e4tten Niederrhein in Duisburg bezocht - BC Maas Rhein","robots":{"index":"index","follow":"follow","max-snippet":"max-snippet:-1","max-image-preview":"max-image-preview:large","max-video-preview":"max-video-preview:-1"},"canonical":"https:\/\/bc-maasrhein.eu\/de\/tokat-delegatie-heeft-caritas-werkstatten-niederrhein-in-duisburg-bezocht\/","og_locale":"de_DE","og_type":"article","og_title":"Tokat-delegatie heeft Caritas Werkst\u00e4tten Niederrhein in Duisburg bezocht - BC Maas Rhein","og_description":"Am 9. M\u00e4rz&nbsp;besuchte eine Delegation aus dem t\u00fcrkischen Tokat (ein Bildungsdezernent, ein Schulrat, ein F\u00f6rderschul-Leiter und ein Doktorand aus der Regionalverwaltung) mit gro\u00dfem Interesse die Caritas Werkst\u00e4tten Niederrhein in Duisburg, um sich mit Informationen zu versorgen, die f\u00fcr den Aufbau einer Werkstatt f\u00fcr behinderte Menschen in der T\u00fcrkei notwendig sind. In der NRZ\/WAZ ist der [&hellip;]","og_url":"https:\/\/bc-maasrhein.eu\/de\/tokat-delegatie-heeft-caritas-werkstatten-niederrhein-in-duisburg-bezocht\/","og_site_name":"BC Maas Rhein","article_published_time":"2016-03-22T09:32:36+00:00","author":"admin","twitter_card":"summary_large_image","twitter_misc":{"Verfasst von":"admin"},"schema":{"@context":"https:\/\/schema.org","@graph":[{"@type":"Article","@id":"https:\/\/bc-maasrhein.eu\/tokat-delegatie-heeft-caritas-werkstatten-niederrhein-in-duisburg-bezocht\/#article","isPartOf":{"@id":"https:\/\/bc-maasrhein.eu\/tokat-delegatie-heeft-caritas-werkstatten-niederrhein-in-duisburg-bezocht\/"},"author":{"name":"admin","@id":"https:\/\/bc-maasrhein.eu\/#\/schema\/person\/6a8fc887c83b223dd0962d0770aaab7d"},"headline":"Tokat-delegatie heeft Caritas Werkst\u00e4tten Niederrhein in Duisburg bezocht","datePublished":"2016-03-22T09:32:36+00:00","mainEntityOfPage":{"@id":"https:\/\/bc-maasrhein.eu\/tokat-delegatie-heeft-caritas-werkstatten-niederrhein-in-duisburg-bezocht\/"},"wordCount":96,"commentCount":0,"inLanguage":"de","potentialAction":[{"@type":"CommentAction","name":"Comment","target":["https:\/\/bc-maasrhein.eu\/tokat-delegatie-heeft-caritas-werkstatten-niederrhein-in-duisburg-bezocht\/#respond"]}]},{"@type":"WebPage","@id":"https:\/\/bc-maasrhein.eu\/tokat-delegatie-heeft-caritas-werkstatten-niederrhein-in-duisburg-bezocht\/","url":"https:\/\/bc-maasrhein.eu\/tokat-delegatie-heeft-caritas-werkstatten-niederrhein-in-duisburg-bezocht\/","name":"Tokat-delegatie heeft Caritas Werkst\u00e4tten Niederrhein in Duisburg bezocht - BC Maas Rhein","isPartOf":{"@id":"https:\/\/bc-maasrhein.eu\/#website"},"datePublished":"2016-03-22T09:32:36+00:00","author":{"@id":"https:\/\/bc-maasrhein.eu\/#\/schema\/person\/6a8fc887c83b223dd0962d0770aaab7d"},"breadcrumb":{"@id":"https:\/\/bc-maasrhein.eu\/tokat-delegatie-heeft-caritas-werkstatten-niederrhein-in-duisburg-bezocht\/#breadcrumb"},"inLanguage":"de","potentialAction":[{"@type":"ReadAction","target":["https:\/\/bc-maasrhein.eu\/tokat-delegatie-heeft-caritas-werkstatten-niederrhein-in-duisburg-bezocht\/"]}]},{"@type":"BreadcrumbList","@id":"https:\/\/bc-maasrhein.eu\/tokat-delegatie-heeft-caritas-werkstatten-niederrhein-in-duisburg-bezocht\/#breadcrumb","itemListElement":[{"@type":"ListItem","position":1,"name":"Home","item":"https:\/\/bc-maasrhein.eu\/"},{"@type":"ListItem","position":2,"name":"Tokat-delegatie heeft Caritas Werkst\u00e4tten Niederrhein in Duisburg bezocht"}]},{"@type":"WebSite","@id":"https:\/\/bc-maasrhein.eu\/#website","url":"https:\/\/bc-maasrhein.eu\/","name":"BC Maas Rhein","description":"","potentialAction":[{"@type":"SearchAction","target":{"@type":"EntryPoint","urlTemplate":"https:\/\/bc-maasrhein.eu\/?s={search_term_string}"},"query-input":{"@type":"PropertyValueSpecification","valueRequired":true,"valueName":"search_term_string"}}],"inLanguage":"de"},{"@type":"Person","@id":"https:\/\/bc-maasrhein.eu\/#\/schema\/person\/6a8fc887c83b223dd0962d0770aaab7d","name":"Administrator","image":{"@type":"ImageObject","inLanguage":"de","@id":"https:\/\/secure.gravatar.com\/avatar\/3962a4a5701a3e18de2112317267cd8b06060bcc71fcd773e6d50256f459a8a5?s=96&d=mm&r=g","url":"https:\/\/secure.gravatar.com\/avatar\/3962a4a5701a3e18de2112317267cd8b06060bcc71fcd773e6d50256f459a8a5?s=96&d=mm&r=g","contentUrl":"https:\/\/secure.gravatar.com\/avatar\/3962a4a5701a3e18de2112317267cd8b06060bcc71fcd773e6d50256f459a8a5?s=96&d=mm&r=g","caption":"admin"},"sameAs":["https:\/\/bc-maasrhein.eu"],"url":"https:\/\/bc-maasrhein.eu\/de\/author\/admin\/"}]}},"_links":{"self":[{"href":"https:\/\/bc-maasrhein.eu\/de\/wp-json\/wp\/v2\/posts\/1551","targetHints":{"allow":["GET"]}}],"collection":[{"href":"https:\/\/bc-maasrhein.eu\/de\/wp-json\/wp\/v2\/posts"}],"about":[{"href":"https:\/\/bc-maasrhein.eu\/de\/wp-json\/wp\/v2\/types\/post"}],"author":[{"embeddable":true,"href":"https:\/\/bc-maasrhein.eu\/de\/wp-json\/wp\/v2\/users\/1"}],"replies":[{"embeddable":true,"href":"https:\/\/bc-maasrhein.eu\/de\/wp-json\/wp\/v2\/comments?post=1551"}],"version-history":[{"count":0,"href":"https:\/\/bc-maasrhein.eu\/de\/wp-json\/wp\/v2\/posts\/1551\/revisions"}],"wp:attachment":[{"href":"https:\/\/bc-maasrhein.eu\/de\/wp-json\/wp\/v2\/media?parent=1551"}],"wp:term":[{"taxonomy":"category","embeddable":true,"href":"https:\/\/bc-maasrhein.eu\/de\/wp-json\/wp\/v2\/categories?post=1551"},{"taxonomy":"post_tag","embeddable":true,"href":"https:\/\/bc-maasrhein.eu\/de\/wp-json\/wp\/v2\/tags?post=1551"}],"curies":[{"name":"Welt","href":"https:\/\/api.w.org\/{rel}","templated":true}]}}