{"id":1517,"date":"2015-04-21T09:22:05","date_gmt":"2015-04-21T07:22:05","guid":{"rendered":"https:\/\/bc-maasrhein.eu\/fair-trade-conferentie-op-de-campus-van-fontys-hogeschool-venlo\/"},"modified":"2015-04-21T09:22:05","modified_gmt":"2015-04-21T07:22:05","slug":"fair-trade-conferentie-op-de-campus-van-fontys-hogeschool-venlo","status":"publish","type":"post","link":"https:\/\/bc-maasrhein.eu\/de\/fair-trade-conferentie-op-de-campus-van-fontys-hogeschool-venlo\/","title":{"rendered":"Fair-Trade-Konferenz auf dem Campus der Fontys Hochschule Venlo"},"content":{"rendered":"<p>Am Donnerstag, den 21. Mai 2015, findet von 15:30 bis 19:30 Uhr auf dem Campus der Fontys Hogeschool in Venlo ein Fair-Trade-Symposium statt. Dieses Symposium wird vom Lehrstuhl f\u00fcr Euregionalisierung der Fontys International Business School (die sich bald \u201cFair-Trade-Hochschule\u201d nennen darf), der Gemeinde Venlo (Fair-Trade-Gemeinde) und der Stiftung Fairliefd sowie deutschen Partnern organisiert. Das Thema lautet \u201cWie werde ich eine erfolgreiche Fair-Trade-Gemeinde, Schule, Kirche oder Gastronomiebetrieb?\u201d<br \/>\nFairtrade-St\u00e4dte, Bildungseinrichtungen und Organisationen aus den Niederlanden und Deutschland stellen bew\u00e4hrte Verfahren vor und gehen in Workshops gerne auf m\u00f6gliche Herausforderungen und Probleme bei der Erlangung des Titels ein. Auf einem kleinen Markt werden Anbieter von Fairtrade-Produkten und Organisationen aus der deutsch-niederl\u00e4ndischen Grenzregion, die sich f\u00fcr Fairtrade einsetzen, Informationen bereitstellen und Fragen beantworten. Den Nachmittag schlie\u00dfen wir mit einem Fairtrade-Festmahl ab. Kurz gesagt, wir bieten Ihnen eine inspirierende Veranstaltung!<\/p>\n<p>Mitglieder des Businessclub Maas Rhein sind herzlich eingeladen, an der Konferenz teilzunehmen. \u00dcber die untenstehenden Links k\u00f6nnen Sie die Brosch\u00fcre und das Anmeldeformular herunterladen:<br \/>\n<a href=\"https:\/\/www.bc-maasrhein.eu\/wp-content\/uploads\/2014\/10\/Fontys-Fair-Trade-conferentie-21-mei-digitaal.pdf\">Fontys Fair Trade Konferenz 21. Mai digital<\/a><br \/>\n<a href=\"https:\/\/www.bc-maasrhein.eu\/wp-content\/uploads\/2014\/10\/Anmeldeformular-NL.docx\">Anmeldeformular NL<\/a><\/p>","protected":false},"excerpt":{"rendered":"<p>Op donderdag 21 mei 2015 vindt van 15:30 tot 19:30 uur op de campus van de Fontys Hogeschool in Venlo een Fair Trade-symposium plaats. Dit symposium wordt georganiseerd door het lectoraat Euregionalisering van de Fontys International Business School (die zich binnenkort &#8220;Fair Trade Hogeschool&#8221; mag noemen), de Gemeente Venlo (Fair Trade-gemeente) en Stichting Fairliefd en [&hellip;]<\/p>\n","protected":false},"author":1,"featured_media":0,"comment_status":"open","ping_status":"open","sticky":false,"template":"","format":"standard","meta":{"_acf_changed":false,"footnotes":""},"categories":[],"tags":[],"class_list":["post-1517","post","type-post","status-publish","format-standard","hentry"],"acf":[],"yoast_head":"<!-- This site is optimized with the Yoast SEO plugin v27.2 - https:\/\/yoast.com\/product\/yoast-seo-wordpress\/ -->\n<title>Fair Trade conferentie op de campus van Fontys Hogeschool Venlo - BC Maas Rhein<\/title>\n<meta name=\"robots\" content=\"index, follow, max-snippet:-1, max-image-preview:large, max-video-preview:-1\" \/>\n<link rel=\"canonical\" href=\"https:\/\/bc-maasrhein.eu\/de\/fair-trade-conferentie-op-de-campus-van-fontys-hogeschool-venlo\/\" \/>\n<meta property=\"og:locale\" content=\"de_DE\" \/>\n<meta property=\"og:type\" content=\"article\" \/>\n<meta property=\"og:title\" content=\"Fair Trade conferentie op de campus van Fontys Hogeschool Venlo - BC Maas Rhein\" \/>\n<meta property=\"og:description\" content=\"Op donderdag 21 mei 2015 vindt van 15:30 tot 19:30 uur op de campus van de Fontys Hogeschool in Venlo een Fair Trade-symposium plaats. Dit symposium wordt georganiseerd door het lectoraat Euregionalisering van de Fontys International Business School (die zich binnenkort &#8220;Fair Trade Hogeschool&#8221; mag noemen), de Gemeente Venlo (Fair Trade-gemeente) en Stichting Fairliefd en [&hellip;]\" \/>\n<meta property=\"og:url\" content=\"https:\/\/bc-maasrhein.eu\/de\/fair-trade-conferentie-op-de-campus-van-fontys-hogeschool-venlo\/\" \/>\n<meta property=\"og:site_name\" content=\"BC Maas Rhein\" \/>\n<meta property=\"article:published_time\" content=\"2015-04-21T07:22:05+00:00\" \/>\n<meta name=\"author\" content=\"admin\" \/>\n<meta name=\"twitter:card\" content=\"summary_large_image\" \/>\n<meta name=\"twitter:label1\" content=\"Verfasst von\" \/>\n\t<meta name=\"twitter:data1\" content=\"admin\" \/>\n\t<meta name=\"twitter:label2\" content=\"Gesch\u00e4tzte Lesezeit\" \/>\n\t<meta name=\"twitter:data2\" content=\"1\u00a0Minute\" \/>\n<script type=\"application\/ld+json\" class=\"yoast-schema-graph\">{\"@context\":\"https:\/\/schema.org\",\"@graph\":[{\"@type\":\"Article\",\"@id\":\"https:\/\/bc-maasrhein.eu\/fair-trade-conferentie-op-de-campus-van-fontys-hogeschool-venlo\/#article\",\"isPartOf\":{\"@id\":\"https:\/\/bc-maasrhein.eu\/fair-trade-conferentie-op-de-campus-van-fontys-hogeschool-venlo\/\"},\"author\":{\"name\":\"admin\",\"@id\":\"https:\/\/bc-maasrhein.eu\/#\/schema\/person\/6a8fc887c83b223dd0962d0770aaab7d\"},\"headline\":\"Fair Trade conferentie op de campus van Fontys Hogeschool Venlo\",\"datePublished\":\"2015-04-21T07:22:05+00:00\",\"mainEntityOfPage\":{\"@id\":\"https:\/\/bc-maasrhein.eu\/fair-trade-conferentie-op-de-campus-van-fontys-hogeschool-venlo\/\"},\"wordCount\":186,\"commentCount\":0,\"inLanguage\":\"de\",\"potentialAction\":[{\"@type\":\"CommentAction\",\"name\":\"Comment\",\"target\":[\"https:\/\/bc-maasrhein.eu\/fair-trade-conferentie-op-de-campus-van-fontys-hogeschool-venlo\/#respond\"]}]},{\"@type\":\"WebPage\",\"@id\":\"https:\/\/bc-maasrhein.eu\/fair-trade-conferentie-op-de-campus-van-fontys-hogeschool-venlo\/\",\"url\":\"https:\/\/bc-maasrhein.eu\/fair-trade-conferentie-op-de-campus-van-fontys-hogeschool-venlo\/\",\"name\":\"Fair Trade conferentie op de campus van Fontys Hogeschool Venlo - BC Maas Rhein\",\"isPartOf\":{\"@id\":\"https:\/\/bc-maasrhein.eu\/#website\"},\"datePublished\":\"2015-04-21T07:22:05+00:00\",\"author\":{\"@id\":\"https:\/\/bc-maasrhein.eu\/#\/schema\/person\/6a8fc887c83b223dd0962d0770aaab7d\"},\"breadcrumb\":{\"@id\":\"https:\/\/bc-maasrhein.eu\/fair-trade-conferentie-op-de-campus-van-fontys-hogeschool-venlo\/#breadcrumb\"},\"inLanguage\":\"de\",\"potentialAction\":[{\"@type\":\"ReadAction\",\"target\":[\"https:\/\/bc-maasrhein.eu\/fair-trade-conferentie-op-de-campus-van-fontys-hogeschool-venlo\/\"]}]},{\"@type\":\"BreadcrumbList\",\"@id\":\"https:\/\/bc-maasrhein.eu\/fair-trade-conferentie-op-de-campus-van-fontys-hogeschool-venlo\/#breadcrumb\",\"itemListElement\":[{\"@type\":\"ListItem\",\"position\":1,\"name\":\"Home\",\"item\":\"https:\/\/bc-maasrhein.eu\/\"},{\"@type\":\"ListItem\",\"position\":2,\"name\":\"Fair Trade conferentie op de campus van Fontys Hogeschool Venlo\"}]},{\"@type\":\"WebSite\",\"@id\":\"https:\/\/bc-maasrhein.eu\/#website\",\"url\":\"https:\/\/bc-maasrhein.eu\/\",\"name\":\"BC Maas Rhein\",\"description\":\"\",\"potentialAction\":[{\"@type\":\"SearchAction\",\"target\":{\"@type\":\"EntryPoint\",\"urlTemplate\":\"https:\/\/bc-maasrhein.eu\/?s={search_term_string}\"},\"query-input\":{\"@type\":\"PropertyValueSpecification\",\"valueRequired\":true,\"valueName\":\"search_term_string\"}}],\"inLanguage\":\"de\"},{\"@type\":\"Person\",\"@id\":\"https:\/\/bc-maasrhein.eu\/#\/schema\/person\/6a8fc887c83b223dd0962d0770aaab7d\",\"name\":\"admin\",\"image\":{\"@type\":\"ImageObject\",\"inLanguage\":\"de\",\"@id\":\"https:\/\/secure.gravatar.com\/avatar\/3962a4a5701a3e18de2112317267cd8b06060bcc71fcd773e6d50256f459a8a5?s=96&d=mm&r=g\",\"url\":\"https:\/\/secure.gravatar.com\/avatar\/3962a4a5701a3e18de2112317267cd8b06060bcc71fcd773e6d50256f459a8a5?s=96&d=mm&r=g\",\"contentUrl\":\"https:\/\/secure.gravatar.com\/avatar\/3962a4a5701a3e18de2112317267cd8b06060bcc71fcd773e6d50256f459a8a5?s=96&d=mm&r=g\",\"caption\":\"admin\"},\"sameAs\":[\"https:\/\/bc-maasrhein.eu\"],\"url\":\"https:\/\/bc-maasrhein.eu\/de\/author\/admin\/\"}]}<\/script>\n<!-- \/ Yoast SEO plugin. -->","yoast_head_json":{"title":"Fair Trade conferentie op de campus van Fontys Hogeschool Venlo - BC Maas Rhein","robots":{"index":"index","follow":"follow","max-snippet":"max-snippet:-1","max-image-preview":"max-image-preview:large","max-video-preview":"max-video-preview:-1"},"canonical":"https:\/\/bc-maasrhein.eu\/de\/fair-trade-conferentie-op-de-campus-van-fontys-hogeschool-venlo\/","og_locale":"de_DE","og_type":"article","og_title":"Fair Trade conferentie op de campus van Fontys Hogeschool Venlo - BC Maas Rhein","og_description":"Op donderdag 21 mei 2015 vindt van 15:30 tot 19:30 uur op de campus van de Fontys Hogeschool in Venlo een Fair Trade-symposium plaats. Dit symposium wordt georganiseerd door het lectoraat Euregionalisering van de Fontys International Business School (die zich binnenkort &#8220;Fair Trade Hogeschool&#8221; mag noemen), de Gemeente Venlo (Fair Trade-gemeente) en Stichting Fairliefd en [&hellip;]","og_url":"https:\/\/bc-maasrhein.eu\/de\/fair-trade-conferentie-op-de-campus-van-fontys-hogeschool-venlo\/","og_site_name":"BC Maas Rhein","article_published_time":"2015-04-21T07:22:05+00:00","author":"admin","twitter_card":"summary_large_image","twitter_misc":{"Verfasst von":"admin","Gesch\u00e4tzte Lesezeit":"1\u00a0Minute"},"schema":{"@context":"https:\/\/schema.org","@graph":[{"@type":"Article","@id":"https:\/\/bc-maasrhein.eu\/fair-trade-conferentie-op-de-campus-van-fontys-hogeschool-venlo\/#article","isPartOf":{"@id":"https:\/\/bc-maasrhein.eu\/fair-trade-conferentie-op-de-campus-van-fontys-hogeschool-venlo\/"},"author":{"name":"admin","@id":"https:\/\/bc-maasrhein.eu\/#\/schema\/person\/6a8fc887c83b223dd0962d0770aaab7d"},"headline":"Fair Trade conferentie op de campus van Fontys Hogeschool Venlo","datePublished":"2015-04-21T07:22:05+00:00","mainEntityOfPage":{"@id":"https:\/\/bc-maasrhein.eu\/fair-trade-conferentie-op-de-campus-van-fontys-hogeschool-venlo\/"},"wordCount":186,"commentCount":0,"inLanguage":"de","potentialAction":[{"@type":"CommentAction","name":"Comment","target":["https:\/\/bc-maasrhein.eu\/fair-trade-conferentie-op-de-campus-van-fontys-hogeschool-venlo\/#respond"]}]},{"@type":"WebPage","@id":"https:\/\/bc-maasrhein.eu\/fair-trade-conferentie-op-de-campus-van-fontys-hogeschool-venlo\/","url":"https:\/\/bc-maasrhein.eu\/fair-trade-conferentie-op-de-campus-van-fontys-hogeschool-venlo\/","name":"Fair Trade conferentie op de campus van Fontys Hogeschool Venlo - BC Maas Rhein","isPartOf":{"@id":"https:\/\/bc-maasrhein.eu\/#website"},"datePublished":"2015-04-21T07:22:05+00:00","author":{"@id":"https:\/\/bc-maasrhein.eu\/#\/schema\/person\/6a8fc887c83b223dd0962d0770aaab7d"},"breadcrumb":{"@id":"https:\/\/bc-maasrhein.eu\/fair-trade-conferentie-op-de-campus-van-fontys-hogeschool-venlo\/#breadcrumb"},"inLanguage":"de","potentialAction":[{"@type":"ReadAction","target":["https:\/\/bc-maasrhein.eu\/fair-trade-conferentie-op-de-campus-van-fontys-hogeschool-venlo\/"]}]},{"@type":"BreadcrumbList","@id":"https:\/\/bc-maasrhein.eu\/fair-trade-conferentie-op-de-campus-van-fontys-hogeschool-venlo\/#breadcrumb","itemListElement":[{"@type":"ListItem","position":1,"name":"Home","item":"https:\/\/bc-maasrhein.eu\/"},{"@type":"ListItem","position":2,"name":"Fair Trade conferentie op de campus van Fontys Hogeschool Venlo"}]},{"@type":"WebSite","@id":"https:\/\/bc-maasrhein.eu\/#website","url":"https:\/\/bc-maasrhein.eu\/","name":"BC Maas Rhein","description":"","potentialAction":[{"@type":"SearchAction","target":{"@type":"EntryPoint","urlTemplate":"https:\/\/bc-maasrhein.eu\/?s={search_term_string}"},"query-input":{"@type":"PropertyValueSpecification","valueRequired":true,"valueName":"search_term_string"}}],"inLanguage":"de"},{"@type":"Person","@id":"https:\/\/bc-maasrhein.eu\/#\/schema\/person\/6a8fc887c83b223dd0962d0770aaab7d","name":"Administrator","image":{"@type":"ImageObject","inLanguage":"de","@id":"https:\/\/secure.gravatar.com\/avatar\/3962a4a5701a3e18de2112317267cd8b06060bcc71fcd773e6d50256f459a8a5?s=96&d=mm&r=g","url":"https:\/\/secure.gravatar.com\/avatar\/3962a4a5701a3e18de2112317267cd8b06060bcc71fcd773e6d50256f459a8a5?s=96&d=mm&r=g","contentUrl":"https:\/\/secure.gravatar.com\/avatar\/3962a4a5701a3e18de2112317267cd8b06060bcc71fcd773e6d50256f459a8a5?s=96&d=mm&r=g","caption":"admin"},"sameAs":["https:\/\/bc-maasrhein.eu"],"url":"https:\/\/bc-maasrhein.eu\/de\/author\/admin\/"}]}},"_links":{"self":[{"href":"https:\/\/bc-maasrhein.eu\/de\/wp-json\/wp\/v2\/posts\/1517","targetHints":{"allow":["GET"]}}],"collection":[{"href":"https:\/\/bc-maasrhein.eu\/de\/wp-json\/wp\/v2\/posts"}],"about":[{"href":"https:\/\/bc-maasrhein.eu\/de\/wp-json\/wp\/v2\/types\/post"}],"author":[{"embeddable":true,"href":"https:\/\/bc-maasrhein.eu\/de\/wp-json\/wp\/v2\/users\/1"}],"replies":[{"embeddable":true,"href":"https:\/\/bc-maasrhein.eu\/de\/wp-json\/wp\/v2\/comments?post=1517"}],"version-history":[{"count":0,"href":"https:\/\/bc-maasrhein.eu\/de\/wp-json\/wp\/v2\/posts\/1517\/revisions"}],"wp:attachment":[{"href":"https:\/\/bc-maasrhein.eu\/de\/wp-json\/wp\/v2\/media?parent=1517"}],"wp:term":[{"taxonomy":"category","embeddable":true,"href":"https:\/\/bc-maasrhein.eu\/de\/wp-json\/wp\/v2\/categories?post=1517"},{"taxonomy":"post_tag","embeddable":true,"href":"https:\/\/bc-maasrhein.eu\/de\/wp-json\/wp\/v2\/tags?post=1517"}],"curies":[{"name":"Welt","href":"https:\/\/api.w.org\/{rel}","templated":true}]}}