{"id":1506,"date":"2015-01-29T07:35:38","date_gmt":"2015-01-29T06:35:38","guid":{"rendered":"https:\/\/bc-maasrhein.eu\/ondernemer-plaza-2015-in-kalkar\/"},"modified":"2015-01-29T07:35:38","modified_gmt":"2015-01-29T06:35:38","slug":"ondernemer-plaza-2015-in-kalkar","status":"publish","type":"post","link":"https:\/\/bc-maasrhein.eu\/de\/ondernemer-plaza-2015-in-kalkar\/","title":{"rendered":"Unternehmer Plaza 2015 in Kalkar"},"content":{"rendered":"<p class=\"stil4\">F\u00fcr grenzenlosen Erfolg in der Region Niederrhein lautet das Motto einer einzigartigen Netzwerkveranstaltung, die der Niederl\u00e4ndisch-Deutsche Wirtschaftsclub in Zusammenarbeit mit dem Wirtschaftsforum Kleverland und der Wirtschaftsf\u00f6rderung Kreis Kleve auf<\/p>\n<p><strong><span style=\"font-family: 'Arial','sans-serif';\">24. M\u00e4rz 2015<br \/>\n<\/span><\/strong><b style=\"text-align: center;\"><strong><span style=\"font-family: 'Arial','sans-serif';\">15:30 \u2013 21:00 Uhr<br \/>\n<\/span><\/strong><\/b><b><strong><span style=\"font-family: 'Arial','sans-serif';\">Messe Kalkar<\/span><\/strong><\/b><\/p>\n<p class=\"stil4\">organisiert.<br \/>\nDer Begriff \u201cPlaza\u201d wurde ganz bewusst gew\u00e4hlt, f\u00fcr ein Konzept, das vom traditionellen Messeereignis abweicht.<br \/>\n\u201cOndernemer Plaza 2015\u201d bedeutet: Treffen, Kennenlernen, Interaktion, Dynamik, Kreativit\u00e4t, Innovation und bietet Unternehmern die Gelegenheit, ihr Gesch\u00e4ft w\u00f6rtlich und im \u00fcbertragenen Sinne zur Schau zu stellen.<\/p>\n<p class=\"stil4\">Dus: \u201cMerken Sie sich den Termin vor und buchen Sie den Plaza\u201d, auch wenn Sie als Besucher nur Inspiration sammeln m\u00f6chten.<\/p>\n<p class=\"stil4\">Weitere Informationen \u00fcber das Treffen, das Programm und das Konzept der Firmen-Ausstellungen einschlie\u00dflich Buchung finden Sie unten \u00fcber einen Link.<\/p>\n<p class=\"stil4\">Gerne begr\u00fc\u00dfen wir Sie auf dem Unternehmer Plaza am 24. M\u00e4rz d.J. in Kalkar.<\/p>\n<p class=\"stil4\"><a title=\"Information Unternehmer Platz\" href=\"http:\/\/service.kundenserver.com\/denis\/nl_info_paket_op.pdf\" target=\"_blank\" rel=\"noopener noreferrer\">Information Unternehmer Platz<\/a><\/p>\n<p><a title=\"Buchungsformular\" href=\"http:\/\/service.kundenserver.com\/denis\/nl_buchungsformular_2015.pdf\" target=\"_blank\" rel=\"noopener noreferrer\">Buchungsformular f\u00fcr Gesch\u00e4ftsauslagen<\/a><\/p>\n<p class=\"stil4\">Mit freundlichen Gr\u00fc\u00dfen,<\/p>\n<p class=\"stil4\">Freddy Heinzel Jos\u00e9 M.B. de Baan<br \/>\nVorsitzende Organisation<\/p>","protected":false},"excerpt":{"rendered":"<p>Voor grenzeloos succes in de regio Niederrhein luidt het motto van een unieke netwerkbijeenkomst die de Nederlands-Duitse Businessclub i.s.m. het Wirtschaftsforum Kleverland en de Wirtschaftsf\u00f6rderung Kreis Kleve op 24 maart 2015 15.30 &#8211; 21.00 uur Messe Kalkar organiseert. De term \u201cPlaza\u201d is heel bewust gekozen, voor een concept dat afwijkt van het traditionele beursevenement. \u201cOndernemer [&hellip;]<\/p>\n","protected":false},"author":1,"featured_media":0,"comment_status":"open","ping_status":"open","sticky":false,"template":"","format":"standard","meta":{"_acf_changed":false,"footnotes":""},"categories":[],"tags":[],"class_list":["post-1506","post","type-post","status-publish","format-standard","hentry"],"acf":[],"yoast_head":"<!-- This site is optimized with the Yoast SEO plugin v27.2 - https:\/\/yoast.com\/product\/yoast-seo-wordpress\/ -->\n<title>Ondernemer Plaza 2015 in Kalkar - BC Maas Rhein<\/title>\n<meta name=\"robots\" content=\"index, follow, max-snippet:-1, max-image-preview:large, max-video-preview:-1\" \/>\n<link rel=\"canonical\" href=\"https:\/\/bc-maasrhein.eu\/de\/ondernemer-plaza-2015-in-kalkar\/\" \/>\n<meta property=\"og:locale\" content=\"de_DE\" \/>\n<meta property=\"og:type\" content=\"article\" \/>\n<meta property=\"og:title\" content=\"Ondernemer Plaza 2015 in Kalkar - BC Maas Rhein\" \/>\n<meta property=\"og:description\" content=\"Voor grenzeloos succes in de regio Niederrhein luidt het motto van een unieke netwerkbijeenkomst die de Nederlands-Duitse Businessclub i.s.m. het Wirtschaftsforum Kleverland en de Wirtschaftsf\u00f6rderung Kreis Kleve op 24 maart 2015 15.30 &#8211; 21.00 uur Messe Kalkar organiseert. De term \u201cPlaza\u201d is heel bewust gekozen, voor een concept dat afwijkt van het traditionele beursevenement. \u201cOndernemer [&hellip;]\" \/>\n<meta property=\"og:url\" content=\"https:\/\/bc-maasrhein.eu\/de\/ondernemer-plaza-2015-in-kalkar\/\" \/>\n<meta property=\"og:site_name\" content=\"BC Maas Rhein\" \/>\n<meta property=\"article:published_time\" content=\"2015-01-29T06:35:38+00:00\" \/>\n<meta name=\"author\" content=\"admin\" \/>\n<meta name=\"twitter:card\" content=\"summary_large_image\" \/>\n<meta name=\"twitter:label1\" content=\"Verfasst von\" \/>\n\t<meta name=\"twitter:data1\" content=\"admin\" \/>\n\t<meta name=\"twitter:label2\" content=\"Gesch\u00e4tzte Lesezeit\" \/>\n\t<meta name=\"twitter:data2\" content=\"1\u00a0Minute\" \/>\n<script type=\"application\/ld+json\" class=\"yoast-schema-graph\">{\"@context\":\"https:\/\/schema.org\",\"@graph\":[{\"@type\":\"Article\",\"@id\":\"https:\/\/bc-maasrhein.eu\/ondernemer-plaza-2015-in-kalkar\/#article\",\"isPartOf\":{\"@id\":\"https:\/\/bc-maasrhein.eu\/ondernemer-plaza-2015-in-kalkar\/\"},\"author\":{\"name\":\"admin\",\"@id\":\"https:\/\/bc-maasrhein.eu\/#\/schema\/person\/6a8fc887c83b223dd0962d0770aaab7d\"},\"headline\":\"Ondernemer Plaza 2015 in Kalkar\",\"datePublished\":\"2015-01-29T06:35:38+00:00\",\"mainEntityOfPage\":{\"@id\":\"https:\/\/bc-maasrhein.eu\/ondernemer-plaza-2015-in-kalkar\/\"},\"wordCount\":246,\"commentCount\":0,\"inLanguage\":\"de\",\"potentialAction\":[{\"@type\":\"CommentAction\",\"name\":\"Comment\",\"target\":[\"https:\/\/bc-maasrhein.eu\/ondernemer-plaza-2015-in-kalkar\/#respond\"]}]},{\"@type\":\"WebPage\",\"@id\":\"https:\/\/bc-maasrhein.eu\/ondernemer-plaza-2015-in-kalkar\/\",\"url\":\"https:\/\/bc-maasrhein.eu\/ondernemer-plaza-2015-in-kalkar\/\",\"name\":\"Ondernemer Plaza 2015 in Kalkar - BC Maas Rhein\",\"isPartOf\":{\"@id\":\"https:\/\/bc-maasrhein.eu\/#website\"},\"datePublished\":\"2015-01-29T06:35:38+00:00\",\"author\":{\"@id\":\"https:\/\/bc-maasrhein.eu\/#\/schema\/person\/6a8fc887c83b223dd0962d0770aaab7d\"},\"breadcrumb\":{\"@id\":\"https:\/\/bc-maasrhein.eu\/ondernemer-plaza-2015-in-kalkar\/#breadcrumb\"},\"inLanguage\":\"de\",\"potentialAction\":[{\"@type\":\"ReadAction\",\"target\":[\"https:\/\/bc-maasrhein.eu\/ondernemer-plaza-2015-in-kalkar\/\"]}]},{\"@type\":\"BreadcrumbList\",\"@id\":\"https:\/\/bc-maasrhein.eu\/ondernemer-plaza-2015-in-kalkar\/#breadcrumb\",\"itemListElement\":[{\"@type\":\"ListItem\",\"position\":1,\"name\":\"Home\",\"item\":\"https:\/\/bc-maasrhein.eu\/\"},{\"@type\":\"ListItem\",\"position\":2,\"name\":\"Ondernemer Plaza 2015 in Kalkar\"}]},{\"@type\":\"WebSite\",\"@id\":\"https:\/\/bc-maasrhein.eu\/#website\",\"url\":\"https:\/\/bc-maasrhein.eu\/\",\"name\":\"BC Maas Rhein\",\"description\":\"\",\"potentialAction\":[{\"@type\":\"SearchAction\",\"target\":{\"@type\":\"EntryPoint\",\"urlTemplate\":\"https:\/\/bc-maasrhein.eu\/?s={search_term_string}\"},\"query-input\":{\"@type\":\"PropertyValueSpecification\",\"valueRequired\":true,\"valueName\":\"search_term_string\"}}],\"inLanguage\":\"de\"},{\"@type\":\"Person\",\"@id\":\"https:\/\/bc-maasrhein.eu\/#\/schema\/person\/6a8fc887c83b223dd0962d0770aaab7d\",\"name\":\"admin\",\"image\":{\"@type\":\"ImageObject\",\"inLanguage\":\"de\",\"@id\":\"https:\/\/secure.gravatar.com\/avatar\/3962a4a5701a3e18de2112317267cd8b06060bcc71fcd773e6d50256f459a8a5?s=96&d=mm&r=g\",\"url\":\"https:\/\/secure.gravatar.com\/avatar\/3962a4a5701a3e18de2112317267cd8b06060bcc71fcd773e6d50256f459a8a5?s=96&d=mm&r=g\",\"contentUrl\":\"https:\/\/secure.gravatar.com\/avatar\/3962a4a5701a3e18de2112317267cd8b06060bcc71fcd773e6d50256f459a8a5?s=96&d=mm&r=g\",\"caption\":\"admin\"},\"sameAs\":[\"https:\/\/bc-maasrhein.eu\"],\"url\":\"https:\/\/bc-maasrhein.eu\/de\/author\/admin\/\"}]}<\/script>\n<!-- \/ Yoast SEO plugin. -->","yoast_head_json":{"title":"Ondernemer Plaza 2015 in Kalkar - BC Maas Rhein","robots":{"index":"index","follow":"follow","max-snippet":"max-snippet:-1","max-image-preview":"max-image-preview:large","max-video-preview":"max-video-preview:-1"},"canonical":"https:\/\/bc-maasrhein.eu\/de\/ondernemer-plaza-2015-in-kalkar\/","og_locale":"de_DE","og_type":"article","og_title":"Ondernemer Plaza 2015 in Kalkar - BC Maas Rhein","og_description":"Voor grenzeloos succes in de regio Niederrhein luidt het motto van een unieke netwerkbijeenkomst die de Nederlands-Duitse Businessclub i.s.m. het Wirtschaftsforum Kleverland en de Wirtschaftsf\u00f6rderung Kreis Kleve op 24 maart 2015 15.30 &#8211; 21.00 uur Messe Kalkar organiseert. De term \u201cPlaza\u201d is heel bewust gekozen, voor een concept dat afwijkt van het traditionele beursevenement. \u201cOndernemer [&hellip;]","og_url":"https:\/\/bc-maasrhein.eu\/de\/ondernemer-plaza-2015-in-kalkar\/","og_site_name":"BC Maas Rhein","article_published_time":"2015-01-29T06:35:38+00:00","author":"admin","twitter_card":"summary_large_image","twitter_misc":{"Verfasst von":"admin","Gesch\u00e4tzte Lesezeit":"1\u00a0Minute"},"schema":{"@context":"https:\/\/schema.org","@graph":[{"@type":"Article","@id":"https:\/\/bc-maasrhein.eu\/ondernemer-plaza-2015-in-kalkar\/#article","isPartOf":{"@id":"https:\/\/bc-maasrhein.eu\/ondernemer-plaza-2015-in-kalkar\/"},"author":{"name":"admin","@id":"https:\/\/bc-maasrhein.eu\/#\/schema\/person\/6a8fc887c83b223dd0962d0770aaab7d"},"headline":"Ondernemer Plaza 2015 in Kalkar","datePublished":"2015-01-29T06:35:38+00:00","mainEntityOfPage":{"@id":"https:\/\/bc-maasrhein.eu\/ondernemer-plaza-2015-in-kalkar\/"},"wordCount":246,"commentCount":0,"inLanguage":"de","potentialAction":[{"@type":"CommentAction","name":"Comment","target":["https:\/\/bc-maasrhein.eu\/ondernemer-plaza-2015-in-kalkar\/#respond"]}]},{"@type":"WebPage","@id":"https:\/\/bc-maasrhein.eu\/ondernemer-plaza-2015-in-kalkar\/","url":"https:\/\/bc-maasrhein.eu\/ondernemer-plaza-2015-in-kalkar\/","name":"Ondernemer Plaza 2015 in Kalkar - BC Maas Rhein","isPartOf":{"@id":"https:\/\/bc-maasrhein.eu\/#website"},"datePublished":"2015-01-29T06:35:38+00:00","author":{"@id":"https:\/\/bc-maasrhein.eu\/#\/schema\/person\/6a8fc887c83b223dd0962d0770aaab7d"},"breadcrumb":{"@id":"https:\/\/bc-maasrhein.eu\/ondernemer-plaza-2015-in-kalkar\/#breadcrumb"},"inLanguage":"de","potentialAction":[{"@type":"ReadAction","target":["https:\/\/bc-maasrhein.eu\/ondernemer-plaza-2015-in-kalkar\/"]}]},{"@type":"BreadcrumbList","@id":"https:\/\/bc-maasrhein.eu\/ondernemer-plaza-2015-in-kalkar\/#breadcrumb","itemListElement":[{"@type":"ListItem","position":1,"name":"Home","item":"https:\/\/bc-maasrhein.eu\/"},{"@type":"ListItem","position":2,"name":"Ondernemer Plaza 2015 in Kalkar"}]},{"@type":"WebSite","@id":"https:\/\/bc-maasrhein.eu\/#website","url":"https:\/\/bc-maasrhein.eu\/","name":"BC Maas Rhein","description":"","potentialAction":[{"@type":"SearchAction","target":{"@type":"EntryPoint","urlTemplate":"https:\/\/bc-maasrhein.eu\/?s={search_term_string}"},"query-input":{"@type":"PropertyValueSpecification","valueRequired":true,"valueName":"search_term_string"}}],"inLanguage":"de"},{"@type":"Person","@id":"https:\/\/bc-maasrhein.eu\/#\/schema\/person\/6a8fc887c83b223dd0962d0770aaab7d","name":"Administrator","image":{"@type":"ImageObject","inLanguage":"de","@id":"https:\/\/secure.gravatar.com\/avatar\/3962a4a5701a3e18de2112317267cd8b06060bcc71fcd773e6d50256f459a8a5?s=96&d=mm&r=g","url":"https:\/\/secure.gravatar.com\/avatar\/3962a4a5701a3e18de2112317267cd8b06060bcc71fcd773e6d50256f459a8a5?s=96&d=mm&r=g","contentUrl":"https:\/\/secure.gravatar.com\/avatar\/3962a4a5701a3e18de2112317267cd8b06060bcc71fcd773e6d50256f459a8a5?s=96&d=mm&r=g","caption":"admin"},"sameAs":["https:\/\/bc-maasrhein.eu"],"url":"https:\/\/bc-maasrhein.eu\/de\/author\/admin\/"}]}},"_links":{"self":[{"href":"https:\/\/bc-maasrhein.eu\/de\/wp-json\/wp\/v2\/posts\/1506","targetHints":{"allow":["GET"]}}],"collection":[{"href":"https:\/\/bc-maasrhein.eu\/de\/wp-json\/wp\/v2\/posts"}],"about":[{"href":"https:\/\/bc-maasrhein.eu\/de\/wp-json\/wp\/v2\/types\/post"}],"author":[{"embeddable":true,"href":"https:\/\/bc-maasrhein.eu\/de\/wp-json\/wp\/v2\/users\/1"}],"replies":[{"embeddable":true,"href":"https:\/\/bc-maasrhein.eu\/de\/wp-json\/wp\/v2\/comments?post=1506"}],"version-history":[{"count":0,"href":"https:\/\/bc-maasrhein.eu\/de\/wp-json\/wp\/v2\/posts\/1506\/revisions"}],"wp:attachment":[{"href":"https:\/\/bc-maasrhein.eu\/de\/wp-json\/wp\/v2\/media?parent=1506"}],"wp:term":[{"taxonomy":"category","embeddable":true,"href":"https:\/\/bc-maasrhein.eu\/de\/wp-json\/wp\/v2\/categories?post=1506"},{"taxonomy":"post_tag","embeddable":true,"href":"https:\/\/bc-maasrhein.eu\/de\/wp-json\/wp\/v2\/tags?post=1506"}],"curies":[{"name":"Welt","href":"https:\/\/api.w.org\/{rel}","templated":true}]}}