{"id":1505,"date":"2015-01-23T09:03:07","date_gmt":"2015-01-23T08:03:07","guid":{"rendered":"https:\/\/bc-maasrhein.eu\/career-day-2015-op-de-fontys-international-campus-venlo-vind-uw-toekomstige-medewerkers\/"},"modified":"2015-01-23T09:03:07","modified_gmt":"2015-01-23T08:03:07","slug":"career-day-2015-op-de-fontys-international-campus-venlo-vind-uw-toekomstige-medewerkers","status":"publish","type":"post","link":"https:\/\/bc-maasrhein.eu\/de\/career-day-2015-op-de-fontys-international-campus-venlo-vind-uw-toekomstige-medewerkers\/","title":{"rendered":"Karrieretag 2015 auf dem Fontys International Campus Venlo \/ Finden Sie Ihre zuk\u00fcnftigen Mitarbeiter!"},"content":{"rendered":"<p><strong>Beste Unternehmer aus der Euregio Rhein-Maas,<\/strong><\/p>\n<p>Suchen Sie nach Talenten und Expertise, besuchen Sie unseren Karrieretag auf dem Fontys International Campus Venlo.<\/p>\n<p>Wir laden Sie herzlich zu der <strong>Karrieretag am 5. M\u00e4rz 2015 von 11.30 bis 16.00 Uhr am Fontys International Campus Venlo. <\/strong>Studenten van de studierichtingen Marketing, Economie en Management zullen hier aanwezig zijn.<\/p>\n<p>Bei der Veranstaltung k\u00f6nnen Sie Ihr Unternehmen kostenlos mit bis zu drei Vertretern auf 6-7 m\u00b2 pr\u00e4sentieren. Tisch und St\u00fchle werden auf Wunsch zur Verf\u00fcgung gestellt. Auf dem Career Day k\u00f6nnen Sie Studenten kennenlernen und bestehende Kontakte intensivieren. Diese Veranstaltung wird erm\u00f6glicht durch die Fontys International Business School, das Technologie- und Gr\u00fcnderzentrum Niederrhein (TZN) und den Business Club Maas Rhein.<\/p>\n<p><strong>Haben Sie Interesse, an diesem Treffen teilzunehmen?<br \/>\n<\/strong>Melden Sie sich dann bis zum 13. Februar 2015 an, indem Sie das beigef\u00fcgte Formular ausgef\u00fcllt senden an: <a href=\"mailto:s.pastoors@fontys.nl\">s.pastoors@fontys.nl<\/a>.<br \/>\nDie Anzahl der Teilnehmer ist begrenzt, daher melden Sie sich bitte so schnell wie m\u00f6glich an. Das Datum Ihrer Anmeldung ist entscheidend f\u00fcr die endg\u00fcltige Auswahl.<\/p>\n<p>Wir w\u00fcrden uns sehr freuen, Sie beim Karrieretag begr\u00fc\u00dfen zu d\u00fcrfen.<\/p>\n<p><a href=\"https:\/\/www.bc-maasrhein.eu\/wp-content\/uploads\/2015\/01\/Uitnodiging-en-Aanmelding-Fontys-Career-Day-2015.pdf\">Einladung und Anmeldung Fontys Karriere-Tag 2015<\/a><\/p>","protected":false},"excerpt":{"rendered":"<p>Beste ondernemers uit de Euregio Rhein-Maas, Bent u op zoek naar talent en expertise, bezoek dan onze Career Day op de Fontys International Campus Venlo. Wij nodigen u van harte uit voor de Career Day op 5 maart 2015 van 11:30 tot 16:00 uur op de Fontys International Campus Venlo. Studenten van de studierichtingen Marketing, [&hellip;]<\/p>\n","protected":false},"author":1,"featured_media":0,"comment_status":"open","ping_status":"open","sticky":false,"template":"","format":"standard","meta":{"_acf_changed":false,"footnotes":""},"categories":[],"tags":[],"class_list":["post-1505","post","type-post","status-publish","format-standard","hentry"],"acf":[],"yoast_head":"<!-- This site is optimized with the Yoast SEO plugin v27.2 - https:\/\/yoast.com\/product\/yoast-seo-wordpress\/ -->\n<title>Career Day 2015 op de Fontys International Campus Venlo \/ Vind uw toekomstige medewerkers! - BC Maas Rhein<\/title>\n<meta name=\"robots\" content=\"index, follow, max-snippet:-1, max-image-preview:large, max-video-preview:-1\" \/>\n<link rel=\"canonical\" href=\"https:\/\/bc-maasrhein.eu\/de\/career-day-2015-op-de-fontys-international-campus-venlo-vind-uw-toekomstige-medewerkers\/\" \/>\n<meta property=\"og:locale\" content=\"de_DE\" \/>\n<meta property=\"og:type\" content=\"article\" \/>\n<meta property=\"og:title\" content=\"Career Day 2015 op de Fontys International Campus Venlo \/ Vind uw toekomstige medewerkers! - BC Maas Rhein\" \/>\n<meta property=\"og:description\" content=\"Beste ondernemers uit de Euregio Rhein-Maas, Bent u op zoek naar talent en expertise, bezoek dan onze Career Day op de Fontys International Campus Venlo. Wij nodigen u van harte uit voor de Career Day op 5 maart 2015 van 11:30 tot 16:00 uur op de Fontys International Campus Venlo. Studenten van de studierichtingen Marketing, [&hellip;]\" \/>\n<meta property=\"og:url\" content=\"https:\/\/bc-maasrhein.eu\/de\/career-day-2015-op-de-fontys-international-campus-venlo-vind-uw-toekomstige-medewerkers\/\" \/>\n<meta property=\"og:site_name\" content=\"BC Maas Rhein\" \/>\n<meta property=\"article:published_time\" content=\"2015-01-23T08:03:07+00:00\" \/>\n<meta name=\"author\" content=\"admin\" \/>\n<meta name=\"twitter:card\" content=\"summary_large_image\" \/>\n<meta name=\"twitter:label1\" content=\"Verfasst von\" \/>\n\t<meta name=\"twitter:data1\" content=\"admin\" \/>\n\t<meta name=\"twitter:label2\" content=\"Gesch\u00e4tzte Lesezeit\" \/>\n\t<meta name=\"twitter:data2\" content=\"1\u00a0Minute\" \/>\n<script type=\"application\/ld+json\" class=\"yoast-schema-graph\">{\"@context\":\"https:\/\/schema.org\",\"@graph\":[{\"@type\":\"Article\",\"@id\":\"https:\/\/bc-maasrhein.eu\/career-day-2015-op-de-fontys-international-campus-venlo-vind-uw-toekomstige-medewerkers\/#article\",\"isPartOf\":{\"@id\":\"https:\/\/bc-maasrhein.eu\/career-day-2015-op-de-fontys-international-campus-venlo-vind-uw-toekomstige-medewerkers\/\"},\"author\":{\"name\":\"admin\",\"@id\":\"https:\/\/bc-maasrhein.eu\/#\/schema\/person\/6a8fc887c83b223dd0962d0770aaab7d\"},\"headline\":\"Career Day 2015 op de Fontys International Campus Venlo \/ Vind uw toekomstige medewerkers!\",\"datePublished\":\"2015-01-23T08:03:07+00:00\",\"mainEntityOfPage\":{\"@id\":\"https:\/\/bc-maasrhein.eu\/career-day-2015-op-de-fontys-international-campus-venlo-vind-uw-toekomstige-medewerkers\/\"},\"wordCount\":200,\"commentCount\":0,\"inLanguage\":\"de\",\"potentialAction\":[{\"@type\":\"CommentAction\",\"name\":\"Comment\",\"target\":[\"https:\/\/bc-maasrhein.eu\/career-day-2015-op-de-fontys-international-campus-venlo-vind-uw-toekomstige-medewerkers\/#respond\"]}]},{\"@type\":\"WebPage\",\"@id\":\"https:\/\/bc-maasrhein.eu\/career-day-2015-op-de-fontys-international-campus-venlo-vind-uw-toekomstige-medewerkers\/\",\"url\":\"https:\/\/bc-maasrhein.eu\/career-day-2015-op-de-fontys-international-campus-venlo-vind-uw-toekomstige-medewerkers\/\",\"name\":\"Career Day 2015 op de Fontys International Campus Venlo \/ Vind uw toekomstige medewerkers! - BC Maas Rhein\",\"isPartOf\":{\"@id\":\"https:\/\/bc-maasrhein.eu\/#website\"},\"datePublished\":\"2015-01-23T08:03:07+00:00\",\"author\":{\"@id\":\"https:\/\/bc-maasrhein.eu\/#\/schema\/person\/6a8fc887c83b223dd0962d0770aaab7d\"},\"breadcrumb\":{\"@id\":\"https:\/\/bc-maasrhein.eu\/career-day-2015-op-de-fontys-international-campus-venlo-vind-uw-toekomstige-medewerkers\/#breadcrumb\"},\"inLanguage\":\"de\",\"potentialAction\":[{\"@type\":\"ReadAction\",\"target\":[\"https:\/\/bc-maasrhein.eu\/career-day-2015-op-de-fontys-international-campus-venlo-vind-uw-toekomstige-medewerkers\/\"]}]},{\"@type\":\"BreadcrumbList\",\"@id\":\"https:\/\/bc-maasrhein.eu\/career-day-2015-op-de-fontys-international-campus-venlo-vind-uw-toekomstige-medewerkers\/#breadcrumb\",\"itemListElement\":[{\"@type\":\"ListItem\",\"position\":1,\"name\":\"Home\",\"item\":\"https:\/\/bc-maasrhein.eu\/\"},{\"@type\":\"ListItem\",\"position\":2,\"name\":\"Career Day 2015 op de Fontys International Campus Venlo \/ Vind uw toekomstige medewerkers!\"}]},{\"@type\":\"WebSite\",\"@id\":\"https:\/\/bc-maasrhein.eu\/#website\",\"url\":\"https:\/\/bc-maasrhein.eu\/\",\"name\":\"BC Maas Rhein\",\"description\":\"\",\"potentialAction\":[{\"@type\":\"SearchAction\",\"target\":{\"@type\":\"EntryPoint\",\"urlTemplate\":\"https:\/\/bc-maasrhein.eu\/?s={search_term_string}\"},\"query-input\":{\"@type\":\"PropertyValueSpecification\",\"valueRequired\":true,\"valueName\":\"search_term_string\"}}],\"inLanguage\":\"de\"},{\"@type\":\"Person\",\"@id\":\"https:\/\/bc-maasrhein.eu\/#\/schema\/person\/6a8fc887c83b223dd0962d0770aaab7d\",\"name\":\"admin\",\"image\":{\"@type\":\"ImageObject\",\"inLanguage\":\"de\",\"@id\":\"https:\/\/secure.gravatar.com\/avatar\/3962a4a5701a3e18de2112317267cd8b06060bcc71fcd773e6d50256f459a8a5?s=96&d=mm&r=g\",\"url\":\"https:\/\/secure.gravatar.com\/avatar\/3962a4a5701a3e18de2112317267cd8b06060bcc71fcd773e6d50256f459a8a5?s=96&d=mm&r=g\",\"contentUrl\":\"https:\/\/secure.gravatar.com\/avatar\/3962a4a5701a3e18de2112317267cd8b06060bcc71fcd773e6d50256f459a8a5?s=96&d=mm&r=g\",\"caption\":\"admin\"},\"sameAs\":[\"https:\/\/bc-maasrhein.eu\"],\"url\":\"https:\/\/bc-maasrhein.eu\/de\/author\/admin\/\"}]}<\/script>\n<!-- \/ Yoast SEO plugin. -->","yoast_head_json":{"title":"Career Day 2015 op de Fontys International Campus Venlo \/ Vind uw toekomstige medewerkers! - BC Maas Rhein","robots":{"index":"index","follow":"follow","max-snippet":"max-snippet:-1","max-image-preview":"max-image-preview:large","max-video-preview":"max-video-preview:-1"},"canonical":"https:\/\/bc-maasrhein.eu\/de\/career-day-2015-op-de-fontys-international-campus-venlo-vind-uw-toekomstige-medewerkers\/","og_locale":"de_DE","og_type":"article","og_title":"Career Day 2015 op de Fontys International Campus Venlo \/ Vind uw toekomstige medewerkers! - BC Maas Rhein","og_description":"Beste ondernemers uit de Euregio Rhein-Maas, Bent u op zoek naar talent en expertise, bezoek dan onze Career Day op de Fontys International Campus Venlo. Wij nodigen u van harte uit voor de Career Day op 5 maart 2015 van 11:30 tot 16:00 uur op de Fontys International Campus Venlo. Studenten van de studierichtingen Marketing, [&hellip;]","og_url":"https:\/\/bc-maasrhein.eu\/de\/career-day-2015-op-de-fontys-international-campus-venlo-vind-uw-toekomstige-medewerkers\/","og_site_name":"BC Maas Rhein","article_published_time":"2015-01-23T08:03:07+00:00","author":"admin","twitter_card":"summary_large_image","twitter_misc":{"Verfasst von":"admin","Gesch\u00e4tzte Lesezeit":"1\u00a0Minute"},"schema":{"@context":"https:\/\/schema.org","@graph":[{"@type":"Article","@id":"https:\/\/bc-maasrhein.eu\/career-day-2015-op-de-fontys-international-campus-venlo-vind-uw-toekomstige-medewerkers\/#article","isPartOf":{"@id":"https:\/\/bc-maasrhein.eu\/career-day-2015-op-de-fontys-international-campus-venlo-vind-uw-toekomstige-medewerkers\/"},"author":{"name":"admin","@id":"https:\/\/bc-maasrhein.eu\/#\/schema\/person\/6a8fc887c83b223dd0962d0770aaab7d"},"headline":"Career Day 2015 op de Fontys International Campus Venlo \/ Vind uw toekomstige medewerkers!","datePublished":"2015-01-23T08:03:07+00:00","mainEntityOfPage":{"@id":"https:\/\/bc-maasrhein.eu\/career-day-2015-op-de-fontys-international-campus-venlo-vind-uw-toekomstige-medewerkers\/"},"wordCount":200,"commentCount":0,"inLanguage":"de","potentialAction":[{"@type":"CommentAction","name":"Comment","target":["https:\/\/bc-maasrhein.eu\/career-day-2015-op-de-fontys-international-campus-venlo-vind-uw-toekomstige-medewerkers\/#respond"]}]},{"@type":"WebPage","@id":"https:\/\/bc-maasrhein.eu\/career-day-2015-op-de-fontys-international-campus-venlo-vind-uw-toekomstige-medewerkers\/","url":"https:\/\/bc-maasrhein.eu\/career-day-2015-op-de-fontys-international-campus-venlo-vind-uw-toekomstige-medewerkers\/","name":"Career Day 2015 op de Fontys International Campus Venlo \/ Vind uw toekomstige medewerkers! - BC Maas Rhein","isPartOf":{"@id":"https:\/\/bc-maasrhein.eu\/#website"},"datePublished":"2015-01-23T08:03:07+00:00","author":{"@id":"https:\/\/bc-maasrhein.eu\/#\/schema\/person\/6a8fc887c83b223dd0962d0770aaab7d"},"breadcrumb":{"@id":"https:\/\/bc-maasrhein.eu\/career-day-2015-op-de-fontys-international-campus-venlo-vind-uw-toekomstige-medewerkers\/#breadcrumb"},"inLanguage":"de","potentialAction":[{"@type":"ReadAction","target":["https:\/\/bc-maasrhein.eu\/career-day-2015-op-de-fontys-international-campus-venlo-vind-uw-toekomstige-medewerkers\/"]}]},{"@type":"BreadcrumbList","@id":"https:\/\/bc-maasrhein.eu\/career-day-2015-op-de-fontys-international-campus-venlo-vind-uw-toekomstige-medewerkers\/#breadcrumb","itemListElement":[{"@type":"ListItem","position":1,"name":"Home","item":"https:\/\/bc-maasrhein.eu\/"},{"@type":"ListItem","position":2,"name":"Career Day 2015 op de Fontys International Campus Venlo \/ Vind uw toekomstige medewerkers!"}]},{"@type":"WebSite","@id":"https:\/\/bc-maasrhein.eu\/#website","url":"https:\/\/bc-maasrhein.eu\/","name":"BC Maas Rhein","description":"","potentialAction":[{"@type":"SearchAction","target":{"@type":"EntryPoint","urlTemplate":"https:\/\/bc-maasrhein.eu\/?s={search_term_string}"},"query-input":{"@type":"PropertyValueSpecification","valueRequired":true,"valueName":"search_term_string"}}],"inLanguage":"de"},{"@type":"Person","@id":"https:\/\/bc-maasrhein.eu\/#\/schema\/person\/6a8fc887c83b223dd0962d0770aaab7d","name":"Administrator","image":{"@type":"ImageObject","inLanguage":"de","@id":"https:\/\/secure.gravatar.com\/avatar\/3962a4a5701a3e18de2112317267cd8b06060bcc71fcd773e6d50256f459a8a5?s=96&d=mm&r=g","url":"https:\/\/secure.gravatar.com\/avatar\/3962a4a5701a3e18de2112317267cd8b06060bcc71fcd773e6d50256f459a8a5?s=96&d=mm&r=g","contentUrl":"https:\/\/secure.gravatar.com\/avatar\/3962a4a5701a3e18de2112317267cd8b06060bcc71fcd773e6d50256f459a8a5?s=96&d=mm&r=g","caption":"admin"},"sameAs":["https:\/\/bc-maasrhein.eu"],"url":"https:\/\/bc-maasrhein.eu\/de\/author\/admin\/"}]}},"_links":{"self":[{"href":"https:\/\/bc-maasrhein.eu\/de\/wp-json\/wp\/v2\/posts\/1505","targetHints":{"allow":["GET"]}}],"collection":[{"href":"https:\/\/bc-maasrhein.eu\/de\/wp-json\/wp\/v2\/posts"}],"about":[{"href":"https:\/\/bc-maasrhein.eu\/de\/wp-json\/wp\/v2\/types\/post"}],"author":[{"embeddable":true,"href":"https:\/\/bc-maasrhein.eu\/de\/wp-json\/wp\/v2\/users\/1"}],"replies":[{"embeddable":true,"href":"https:\/\/bc-maasrhein.eu\/de\/wp-json\/wp\/v2\/comments?post=1505"}],"version-history":[{"count":0,"href":"https:\/\/bc-maasrhein.eu\/de\/wp-json\/wp\/v2\/posts\/1505\/revisions"}],"wp:attachment":[{"href":"https:\/\/bc-maasrhein.eu\/de\/wp-json\/wp\/v2\/media?parent=1505"}],"wp:term":[{"taxonomy":"category","embeddable":true,"href":"https:\/\/bc-maasrhein.eu\/de\/wp-json\/wp\/v2\/categories?post=1505"},{"taxonomy":"post_tag","embeddable":true,"href":"https:\/\/bc-maasrhein.eu\/de\/wp-json\/wp\/v2\/tags?post=1505"}],"curies":[{"name":"Welt","href":"https:\/\/api.w.org\/{rel}","templated":true}]}}